{"id":152427,"date":"2025-08-30T10:29:36","date_gmt":"2025-08-30T13:29:36","guid":{"rendered":"https:\/\/vinasfm.com\/noticias\/?p=152427"},"modified":"2025-09-01T09:40:40","modified_gmt":"2025-09-01T12:40:40","slug":"ugacoop-general-alvear-inauguro-el-polo-educativo-superior-mas-importante-de-su-historia","status":"publish","type":"post","link":"https:\/\/vinasfm.com\/noticias\/ugacoop-general-alvear-inauguro-el-polo-educativo-superior-mas-importante-de-su-historia\/","title":{"rendered":"UGACOOP: GENERAL ALVEAR INAUGUR\u00d3 EL POLO EDUCATIVO SUPERIOR M\u00c1S IMPORTANTE DE SU HISTORIA"},"content":{"rendered":"<h4><strong><span style=\"color: #003300;\">General Alvear vivi\u00f3 una jornada trascendental con la inauguraci\u00f3n del nuevo Polo de Educaci\u00f3n Superior, un complejo moderno de 3.400 metros cuadrados que constituye la inversi\u00f3n m\u00e1s importante en materia educativa de la historia del departamento, con un presupuesto superior a los $5.744 millones.<\/span><\/strong><\/h4>\n<p>El edificio,<em> ubicado en la intersecci\u00f3n de calles Tricherri y Ruta Nacional 188<\/em>, fue dise\u00f1ado bajo criterios de sustentabilidad e innovaci\u00f3n. Cuenta con aulas modulares, laboratorio, biblioteca, enfermer\u00eda, sistema de reutilizaci\u00f3n de aguas grises y paneles solares. Su construcci\u00f3n se realiz\u00f3 mediante el sistema \u201cfr\u00edo latina\u201d, que asegura aislamiento t\u00e9rmico eficiente y un significativo ahorro energ\u00e9tico.<\/p>\n<h2>Una obra que consolida el futuro educativo<\/h2>\n<p>El acto oficial estuvo encabezado por el <span style=\"color: #003366;\"><strong>intendente Alejandro Molero<\/strong><\/span>, quien recibi\u00f3 al <span style=\"color: #003366;\"><strong>gobernador Alfredo Cornejo<\/strong><\/span>, la <span style=\"color: #003366;\"><strong>vicegobernadora Hebe Casado<\/strong><\/span>, el <em>ministro de Educaci\u00f3n<\/em> <span style=\"color: #003366;\"><strong>Tadeo Garc\u00eda Zalazar<\/strong><\/span> y funcionarios provinciales y locales.<\/p>\n<p>Molero subray\u00f3 el valor hist\u00f3rico de la obra: <strong><em>\u201ceste complejo no le envidia nada a ninguna provincia del pa\u00eds. Con m\u00e1s de 1.750 alumnos ya comprometidos de distintas instituciones, representa un impacto enorme para nuestra comunidad, porque garantiza educaci\u00f3n superior de calidad aqu\u00ed, en nuestra tierra, evitando que miles de j\u00f3venes tengan que emigrar para estudiar\u201d.<\/em><\/strong><\/p>\n<p>El jefe comunal record\u00f3 adem\u00e1s el proceso de gestiones que permiti\u00f3 concretar la obra, iniciada en administraciones anteriores, y plante\u00f3 el desaf\u00edo de avanzar con la tercera fase del proyecto para ampliar a\u00fan m\u00e1s la capacidad del predio.<\/p>\n<p><a href=\"https:\/\/vinasfm.com\/noticias\/wp-content\/uploads\/2025\/08\/IMG-20250830-WA0017.jpg\"><img loading=\"lazy\" decoding=\"async\" class=\"alignnone wp-image-152424\" src=\"https:\/\/vinasfm.com\/noticias\/wp-content\/uploads\/2025\/08\/IMG-20250830-WA0017-1024x684.jpg\" alt=\"\" width=\"360\" height=\"240\" srcset=\"https:\/\/vinasfm.com\/noticias\/wp-content\/uploads\/2025\/08\/IMG-20250830-WA0017-1024x684.jpg 1024w, https:\/\/vinasfm.com\/noticias\/wp-content\/uploads\/2025\/08\/IMG-20250830-WA0017-300x200.jpg 300w, https:\/\/vinasfm.com\/noticias\/wp-content\/uploads\/2025\/08\/IMG-20250830-WA0017-768x513.jpg 768w, https:\/\/vinasfm.com\/noticias\/wp-content\/uploads\/2025\/08\/IMG-20250830-WA0017-1536x1025.jpg 1536w, https:\/\/vinasfm.com\/noticias\/wp-content\/uploads\/2025\/08\/IMG-20250830-WA0017.jpg 1600w\" sizes=\"auto, (max-width: 360px) 100vw, 360px\" \/><\/a> <a href=\"https:\/\/vinasfm.com\/noticias\/wp-content\/uploads\/2025\/08\/IMG-20250830-WA0019.jpg\"><img loading=\"lazy\" decoding=\"async\" class=\"alignnone wp-image-152423\" src=\"https:\/\/vinasfm.com\/noticias\/wp-content\/uploads\/2025\/08\/IMG-20250830-WA0019-1024x684.jpg\" alt=\"\" width=\"360\" height=\"240\" srcset=\"https:\/\/vinasfm.com\/noticias\/wp-content\/uploads\/2025\/08\/IMG-20250830-WA0019-1024x684.jpg 1024w, https:\/\/vinasfm.com\/noticias\/wp-content\/uploads\/2025\/08\/IMG-20250830-WA0019-300x200.jpg 300w, https:\/\/vinasfm.com\/noticias\/wp-content\/uploads\/2025\/08\/IMG-20250830-WA0019-768x513.jpg 768w, https:\/\/vinasfm.com\/noticias\/wp-content\/uploads\/2025\/08\/IMG-20250830-WA0019-1536x1025.jpg 1536w, https:\/\/vinasfm.com\/noticias\/wp-content\/uploads\/2025\/08\/IMG-20250830-WA0019.jpg 1600w\" sizes=\"auto, (max-width: 360px) 100vw, 360px\" \/><\/a><\/p>\n<h2>Educaci\u00f3n como motor de desarrollo<\/h2>\n<p>En su discurso, el ministro <strong>Tadeo Garc\u00eda Zalazar<\/strong> destac\u00f3 que la obra consolida en un solo espacio al Instituto de Educaci\u00f3n Superior y otras instituciones que antes funcionaban en sedes dispersas, lo que evita costosos alquileres y fortalece la oferta acad\u00e9mica.<em><strong> \u201cSe trata de una inversi\u00f3n inteligente y sostenible, vinculada con las necesidades productivas y sociales de la regi\u00f3n\u201d<\/strong><\/em>, afirm\u00f3.<\/p>\n<p>El gobernador Alfredo Cornejo remarc\u00f3 que la educaci\u00f3n es la base para garantizar igualdad de oportunidades:<em><strong> \u201cla infraestructura es esencial para que los j\u00f3venes de la ruralidad puedan acceder a estudios de calidad. Este Polo Educativo no solo servir\u00e1 a General Alvear, sino que aportar\u00e1 valor a toda la regi\u00f3n sur de Mendoza\u201d.<\/strong><\/em><\/p>\n<p>Cornejo adem\u00e1s se comprometi\u00f3 a trabajar junto al municipio en la concreci\u00f3n de la tercera etapa del proyecto.<\/p>\n<h3>Un complejo que transforma la comunidad<\/h3>\n<p>El nuevo Polo Educativo ya cuenta con acuerdos con la Universidad Nacional de Cuyo, la Universidad de San Luis y la Universidad de La Pampa, lo que permitir\u00e1 ampliar la oferta de carreras de grado y posgrado en el departamento. Actualmente, unos 2.000 j\u00f3venes alvearenses cursan estudios fuera del departamento, lo que representa un fuerte costo econ\u00f3mico para las familias. Con esta infraestructura, se busca revertir esa situaci\u00f3n y arraigar el talento local.<\/p>\n<p><a href=\"https:\/\/vinasfm.com\/noticias\/wp-content\/uploads\/2025\/08\/IMG-20250830-WA0022.jpg\"><img loading=\"lazy\" decoding=\"async\" class=\"alignnone wp-image-152422\" src=\"https:\/\/vinasfm.com\/noticias\/wp-content\/uploads\/2025\/08\/IMG-20250830-WA0022-1024x684.jpg\" alt=\"\" width=\"360\" height=\"240\" srcset=\"https:\/\/vinasfm.com\/noticias\/wp-content\/uploads\/2025\/08\/IMG-20250830-WA0022-1024x684.jpg 1024w, https:\/\/vinasfm.com\/noticias\/wp-content\/uploads\/2025\/08\/IMG-20250830-WA0022-300x200.jpg 300w, https:\/\/vinasfm.com\/noticias\/wp-content\/uploads\/2025\/08\/IMG-20250830-WA0022-768x513.jpg 768w, https:\/\/vinasfm.com\/noticias\/wp-content\/uploads\/2025\/08\/IMG-20250830-WA0022-1536x1025.jpg 1536w, https:\/\/vinasfm.com\/noticias\/wp-content\/uploads\/2025\/08\/IMG-20250830-WA0022.jpg 1600w\" sizes=\"auto, (max-width: 360px) 100vw, 360px\" \/><\/a> <a href=\"https:\/\/vinasfm.com\/noticias\/wp-content\/uploads\/2025\/08\/IMG-20250830-WA0021.jpg\"><img loading=\"lazy\" decoding=\"async\" class=\"alignnone wp-image-152421\" src=\"https:\/\/vinasfm.com\/noticias\/wp-content\/uploads\/2025\/08\/IMG-20250830-WA0021-1024x684.jpg\" alt=\"\" width=\"360\" height=\"240\" srcset=\"https:\/\/vinasfm.com\/noticias\/wp-content\/uploads\/2025\/08\/IMG-20250830-WA0021-1024x684.jpg 1024w, https:\/\/vinasfm.com\/noticias\/wp-content\/uploads\/2025\/08\/IMG-20250830-WA0021-300x200.jpg 300w, https:\/\/vinasfm.com\/noticias\/wp-content\/uploads\/2025\/08\/IMG-20250830-WA0021-768x513.jpg 768w, https:\/\/vinasfm.com\/noticias\/wp-content\/uploads\/2025\/08\/IMG-20250830-WA0021-1536x1025.jpg 1536w, https:\/\/vinasfm.com\/noticias\/wp-content\/uploads\/2025\/08\/IMG-20250830-WA0021.jpg 1600w\" sizes=\"auto, (max-width: 360px) 100vw, 360px\" \/><\/a><\/p>\n<h2>Seguridad tambi\u00e9n en la agenda<\/h2>\n<p>En el marco de la inauguraci\u00f3n, el gobernador Cornejo y la ministra de Seguridad, Mercedes Rus, presentaron nuevos m\u00f3viles policiales y equipamiento de \u00faltima tecnolog\u00eda para reforzar el despliegue territorial en el sur provincial.<\/p>\n<p>El intendente Molero valor\u00f3 la entrega y record\u00f3 que General Alvear es el municipio que m\u00e1s ha invertido en seguridad en relaci\u00f3n con su poblaci\u00f3n.<em><strong> \u201cEstamos colocando la c\u00e1mara municipal n\u00famero 171 y avanzando con monitoreo en zonas rurales, para garantizar tranquilidad y prevenci\u00f3n en toda la comunidad\u201d<\/strong><\/em>, se\u00f1al\u00f3.<\/p>\n<p><a href=\"https:\/\/vinasfm.com\/noticias\/wp-content\/uploads\/2025\/08\/IMG-20250830-WA0015.jpg\"><img loading=\"lazy\" decoding=\"async\" class=\"wp-image-152425 aligncenter\" src=\"https:\/\/vinasfm.com\/noticias\/wp-content\/uploads\/2025\/08\/IMG-20250830-WA0015-1024x682.jpg\" alt=\"\" width=\"600\" height=\"400\" srcset=\"https:\/\/vinasfm.com\/noticias\/wp-content\/uploads\/2025\/08\/IMG-20250830-WA0015-1024x682.jpg 1024w, https:\/\/vinasfm.com\/noticias\/wp-content\/uploads\/2025\/08\/IMG-20250830-WA0015-300x200.jpg 300w, https:\/\/vinasfm.com\/noticias\/wp-content\/uploads\/2025\/08\/IMG-20250830-WA0015-768x512.jpg 768w, https:\/\/vinasfm.com\/noticias\/wp-content\/uploads\/2025\/08\/IMG-20250830-WA0015-1536x1023.jpg 1536w, https:\/\/vinasfm.com\/noticias\/wp-content\/uploads\/2025\/08\/IMG-20250830-WA0015.jpg 1600w\" sizes=\"auto, (max-width: 600px) 100vw, 600px\" \/><\/a><\/p>\n<h3>Una etapa hist\u00f3rica para General Alvear<\/h3>\n<p>Con este Polo Educativo Superior, General Alvear da un paso definitivo hacia el futuro. La obra no solo asegura instalaciones modernas para la formaci\u00f3n de m\u00e1s de 1.700 alumnos actuales, sino que abre un horizonte de oportunidades para las pr\u00f3ximas generaciones, consolidando al departamento como un polo acad\u00e9mico y de desarrollo en el sur mendocino.<\/p>\n","protected":false},"excerpt":{"rendered":"<p>General Alvear vivi\u00f3 una jornada trascendental con la inauguraci\u00f3n del nuevo Polo de Educaci\u00f3n Superior, un complejo moderno de 3.400 metros &#8230;<\/p>\n","protected":false},"author":7,"featured_media":152429,"comment_status":"open","ping_status":"open","sticky":false,"template":"","format":"standard","meta":{"footnotes":""},"categories":[10,18],"tags":[],"class_list":["post-152427","post","type-post","status-publish","format-standard","has-post-thumbnail","hentry","category-destacadas","category-educacion"],"_links":{"self":[{"href":"https:\/\/vinasfm.com\/noticias\/wp-json\/wp\/v2\/posts\/152427","targetHints":{"allow":["GET"]}}],"collection":[{"href":"https:\/\/vinasfm.com\/noticias\/wp-json\/wp\/v2\/posts"}],"about":[{"href":"https:\/\/vinasfm.com\/noticias\/wp-json\/wp\/v2\/types\/post"}],"author":[{"embeddable":true,"href":"https:\/\/vinasfm.com\/noticias\/wp-json\/wp\/v2\/users\/7"}],"replies":[{"embeddable":true,"href":"https:\/\/vinasfm.com\/noticias\/wp-json\/wp\/v2\/comments?post=152427"}],"version-history":[{"count":3,"href":"https:\/\/vinasfm.com\/noticias\/wp-json\/wp\/v2\/posts\/152427\/revisions"}],"predecessor-version":[{"id":152432,"href":"https:\/\/vinasfm.com\/noticias\/wp-json\/wp\/v2\/posts\/152427\/revisions\/152432"}],"wp:featuredmedia":[{"embeddable":true,"href":"https:\/\/vinasfm.com\/noticias\/wp-json\/wp\/v2\/media\/152429"}],"wp:attachment":[{"href":"https:\/\/vinasfm.com\/noticias\/wp-json\/wp\/v2\/media?parent=152427"}],"wp:term":[{"taxonomy":"category","embeddable":true,"href":"https:\/\/vinasfm.com\/noticias\/wp-json\/wp\/v2\/categories?post=152427"},{"taxonomy":"post_tag","embeddable":true,"href":"https:\/\/vinasfm.com\/noticias\/wp-json\/wp\/v2\/tags?post=152427"}],"curies":[{"name":"wp","href":"https:\/\/api.w.org\/{rel}","templated":true}]}}