{"id":152412,"date":"2025-08-29T11:43:12","date_gmt":"2025-08-29T14:43:12","guid":{"rendered":"https:\/\/vinasfm.com\/noticias\/?p=152412"},"modified":"2025-09-01T09:41:08","modified_gmt":"2025-09-01T12:41:08","slug":"baja-el-gas-y-se-reflejara-en-la-proxima-factura-domiciliaria-de-cuanto-sera-el-impacto","status":"publish","type":"post","link":"https:\/\/vinasfm.com\/noticias\/baja-el-gas-y-se-reflejara-en-la-proxima-factura-domiciliaria-de-cuanto-sera-el-impacto\/","title":{"rendered":"BAJA EL GAS Y SE REFLEJAR\u00c1 EN LA PR\u00d3XIMA FACTURA DOMICILIARIA: DE CU\u00c1NTO SER\u00c1 EL IMPACTO"},"content":{"rendered":"<h4><strong><span style=\"color: #003300;\">Mediante una resoluci\u00f3n publicada en el Bolet\u00edn Oficial de este viernes, el Gobierno dispuso una reducci\u00f3n en el precio del combustible que ingresa al sistema de distribuci\u00f3n.<\/span><\/strong><\/h4>\n<div class=\"flex flex-col gap-6 news-detail__body\" data-mrf-recirculation=\"Nota - enlaces texto\">\n<p>El\u00a0<strong>Gobierno nacional<\/strong>\u00a0dispuso una reducci\u00f3n de 5,49% en el precio del\u00a0<strong>gas<\/strong>\u00a0que ingresa al sistema de distribuci\u00f3n para los consumos de septiembre, lo cual se ver\u00e1 reflejado en las\u00a0<strong>facturas<\/strong>\u00a0que se pagar\u00e1n desde octubre.<\/p>\n<\/div>\n<div class=\"flex flex-col gap-6 news-detail__body\" data-mrf-recirculation=\"Nota - enlaces texto\">\n<p>La medida se formaliz\u00f3 mediante la Resoluci\u00f3n 357\/2025 que public\u00f3 este viernes la Secretar\u00eda de Energ\u00eda en el\u00a0<strong>Bolet\u00edn Oficial<\/strong>.<\/p>\n<p>La reducci\u00f3n se aplica en el precio del gas natural en el <strong>Punto de Ingreso al Sistema de Transporte<\/strong> <em>(PIST)<\/em> y luego ser\u00e1\u00a0<strong>Enargas<\/strong>\u00a0quien disponga los nuevos cuadros tarifarios hacia los consumidores.<\/p>\n<p><em><strong>\u00abDicha instrucci\u00f3n se enmarca en el objetivo de continuar con la actualizaci\u00f3n de precios y tarifas del sector energ\u00e9tico, buscando mantener estos valores reales lo m\u00e1s constantes posible en un contexto de desaceleraci\u00f3n inflacionaria\u00bb<\/strong><\/em>, se\u00f1al\u00f3 el gobierno en los considerandos.<\/p>\n<\/div>\n","protected":false},"excerpt":{"rendered":"<p>Mediante una resoluci\u00f3n publicada en el Bolet\u00edn Oficial de este viernes, el Gobierno dispuso una reducci\u00f3n en el precio del combustible &#8230;<\/p>\n","protected":false},"author":7,"featured_media":135356,"comment_status":"open","ping_status":"open","sticky":false,"template":"","format":"standard","meta":{"footnotes":""},"categories":[5,16],"tags":[],"class_list":["post-152412","post","type-post","status-publish","format-standard","has-post-thumbnail","hentry","category-actualidad","category-economia"],"_links":{"self":[{"href":"https:\/\/vinasfm.com\/noticias\/wp-json\/wp\/v2\/posts\/152412","targetHints":{"allow":["GET"]}}],"collection":[{"href":"https:\/\/vinasfm.com\/noticias\/wp-json\/wp\/v2\/posts"}],"about":[{"href":"https:\/\/vinasfm.com\/noticias\/wp-json\/wp\/v2\/types\/post"}],"author":[{"embeddable":true,"href":"https:\/\/vinasfm.com\/noticias\/wp-json\/wp\/v2\/users\/7"}],"replies":[{"embeddable":true,"href":"https:\/\/vinasfm.com\/noticias\/wp-json\/wp\/v2\/comments?post=152412"}],"version-history":[{"count":1,"href":"https:\/\/vinasfm.com\/noticias\/wp-json\/wp\/v2\/posts\/152412\/revisions"}],"predecessor-version":[{"id":152413,"href":"https:\/\/vinasfm.com\/noticias\/wp-json\/wp\/v2\/posts\/152412\/revisions\/152413"}],"wp:featuredmedia":[{"embeddable":true,"href":"https:\/\/vinasfm.com\/noticias\/wp-json\/wp\/v2\/media\/135356"}],"wp:attachment":[{"href":"https:\/\/vinasfm.com\/noticias\/wp-json\/wp\/v2\/media?parent=152412"}],"wp:term":[{"taxonomy":"category","embeddable":true,"href":"https:\/\/vinasfm.com\/noticias\/wp-json\/wp\/v2\/categories?post=152412"},{"taxonomy":"post_tag","embeddable":true,"href":"https:\/\/vinasfm.com\/noticias\/wp-json\/wp\/v2\/tags?post=152412"}],"curies":[{"name":"wp","href":"https:\/\/api.w.org\/{rel}","templated":true}]}}