{"id":152404,"date":"2025-08-29T09:58:26","date_gmt":"2025-08-29T12:58:26","guid":{"rendered":"https:\/\/vinasfm.com\/noticias\/?p=152404"},"modified":"2025-09-01T09:41:41","modified_gmt":"2025-09-01T12:41:41","slug":"robaron-pertenencias-del-interior-de-un-vehiculo-estacionado-en-calle-buenos-aires","status":"publish","type":"post","link":"https:\/\/vinasfm.com\/noticias\/robaron-pertenencias-del-interior-de-un-vehiculo-estacionado-en-calle-buenos-aires\/","title":{"rendered":"ROBARON PERTENENCIAS DEL INTERIOR DE UN VEH\u00cdCULO ESTACIONADO EN CALLE BUENOS AIRES"},"content":{"rendered":"<p><span style=\"color: #003300;\"><strong>Una mujer de 45 a\u00f1os fue v\u00edctima de un robo en la noche del jueves en General Alvear, cuando delincuentes sustrajeron varios elementos de su autom\u00f3vil.<\/strong><\/span><\/p>\n<p>El hecho ocurri\u00f3 cerca de las 23:50 en calle Buenos Aires. Seg\u00fan la informaci\u00f3n policial, la v\u00edctima, identificada como M.C.D.<strong>, hab\u00eda dejado su Fiat Argo estacionado con medidas de seguridad mientras ingresaba a cenar en un restaurante de la zona.<\/strong><\/p>\n<p>Al regresar, constat\u00f3 que <strong>personas desconocidas hab\u00edan roto una de las ventanillas del veh\u00edculo y se hab\u00edan llevado una mochila de color natural, una billetera con documentaci\u00f3n, un par de lentes recetados y un juego de llaves.<\/strong><\/p>\n<p>La novedad fue judicializada con intervenci\u00f3n del ayudante fiscal, quien orden\u00f3 las medidas de rigor para la investigaci\u00f3n del hecho.<\/p>\n<p>&nbsp;<\/p>\n","protected":false},"excerpt":{"rendered":"<p>Una mujer de 45 a\u00f1os fue v\u00edctima de un robo en la noche del jueves en General Alvear, cuando delincuentes sustrajeron &#8230;<\/p>\n","protected":false},"author":7,"featured_media":152405,"comment_status":"open","ping_status":"open","sticky":false,"template":"","format":"standard","meta":{"footnotes":""},"categories":[201,4],"tags":[],"class_list":["post-152404","post","type-post","status-publish","format-standard","has-post-thumbnail","hentry","category-inseguridad","category-policiales"],"_links":{"self":[{"href":"https:\/\/vinasfm.com\/noticias\/wp-json\/wp\/v2\/posts\/152404","targetHints":{"allow":["GET"]}}],"collection":[{"href":"https:\/\/vinasfm.com\/noticias\/wp-json\/wp\/v2\/posts"}],"about":[{"href":"https:\/\/vinasfm.com\/noticias\/wp-json\/wp\/v2\/types\/post"}],"author":[{"embeddable":true,"href":"https:\/\/vinasfm.com\/noticias\/wp-json\/wp\/v2\/users\/7"}],"replies":[{"embeddable":true,"href":"https:\/\/vinasfm.com\/noticias\/wp-json\/wp\/v2\/comments?post=152404"}],"version-history":[{"count":1,"href":"https:\/\/vinasfm.com\/noticias\/wp-json\/wp\/v2\/posts\/152404\/revisions"}],"predecessor-version":[{"id":152406,"href":"https:\/\/vinasfm.com\/noticias\/wp-json\/wp\/v2\/posts\/152404\/revisions\/152406"}],"wp:featuredmedia":[{"embeddable":true,"href":"https:\/\/vinasfm.com\/noticias\/wp-json\/wp\/v2\/media\/152405"}],"wp:attachment":[{"href":"https:\/\/vinasfm.com\/noticias\/wp-json\/wp\/v2\/media?parent=152404"}],"wp:term":[{"taxonomy":"category","embeddable":true,"href":"https:\/\/vinasfm.com\/noticias\/wp-json\/wp\/v2\/categories?post=152404"},{"taxonomy":"post_tag","embeddable":true,"href":"https:\/\/vinasfm.com\/noticias\/wp-json\/wp\/v2\/tags?post=152404"}],"curies":[{"name":"wp","href":"https:\/\/api.w.org\/{rel}","templated":true}]}}