{"id":152348,"date":"2025-08-28T09:32:59","date_gmt":"2025-08-28T12:32:59","guid":{"rendered":"https:\/\/vinasfm.com\/noticias\/?p=152348"},"modified":"2025-08-28T12:25:11","modified_gmt":"2025-08-28T15:25:11","slug":"una-joven-ciclista-debio-ser-hospitalizada-tras-protagonizar-un-siniestro-vial","status":"publish","type":"post","link":"https:\/\/vinasfm.com\/noticias\/una-joven-ciclista-debio-ser-hospitalizada-tras-protagonizar-un-siniestro-vial\/","title":{"rendered":"UNA JOVEN CICLISTA DEBI\u00d3 SER HOSPITALIZADA TRAS PROTAGONIZAR UN SINIESTRO VIAL"},"content":{"rendered":"<h4><span style=\"color: #003300;\"><strong>Un accidente de tr\u00e1nsito ocurrido en la tarde del mi\u00e9rcoles dej\u00f3 como saldo a una joven ciclista hospitalizada con graves lesiones.<\/strong><\/span><\/h4>\n<p>El hecho <strong>tuvo lugar alrededor de las 17:30 en la intersecci\u00f3n de calles Pierola y Emilio Civit<\/strong>. Seg\u00fan inform\u00f3 la Comisar\u00eda 14, la v\u00edctima, identificada como M.D., de 26 a\u00f1os, <strong>circulaba en bicicleta por calle Pierola en direcci\u00f3n de oeste a este cuando, al llegar al cruce con Emilio Civit, fue embestida por un veh\u00edculo que se desplazaba de sur a norte, conducido por M.S.B., de 72 a\u00f1os, quien manifest\u00f3 no haber visto a la joven.<\/strong><\/p>\n<p>Como consecuencia del impacto,<strong> la ciclista cay\u00f3 al suelo y fue trasladada de urgencia al hospital local, donde los m\u00e9dicos le diagnosticaron politraumatismos y una fractura desplazada de tibia y peron\u00e9 en la pierna derecha.<\/strong> La mujer qued\u00f3 internada a la espera de una intervenci\u00f3n quir\u00fargica.<\/p>\n<p>Las autoridades policiales trabajan en el esclarecimiento del hecho y en las actuaciones correspondientes.<\/p>\n","protected":false},"excerpt":{"rendered":"<p>Un accidente de tr\u00e1nsito ocurrido en la tarde del mi\u00e9rcoles dej\u00f3 como saldo a una joven ciclista hospitalizada con graves lesiones. &#8230;<\/p>\n","protected":false},"author":7,"featured_media":135432,"comment_status":"open","ping_status":"open","sticky":false,"template":"","format":"standard","meta":{"footnotes":""},"categories":[5,4],"tags":[],"class_list":["post-152348","post","type-post","status-publish","format-standard","has-post-thumbnail","hentry","category-actualidad","category-policiales"],"_links":{"self":[{"href":"https:\/\/vinasfm.com\/noticias\/wp-json\/wp\/v2\/posts\/152348","targetHints":{"allow":["GET"]}}],"collection":[{"href":"https:\/\/vinasfm.com\/noticias\/wp-json\/wp\/v2\/posts"}],"about":[{"href":"https:\/\/vinasfm.com\/noticias\/wp-json\/wp\/v2\/types\/post"}],"author":[{"embeddable":true,"href":"https:\/\/vinasfm.com\/noticias\/wp-json\/wp\/v2\/users\/7"}],"replies":[{"embeddable":true,"href":"https:\/\/vinasfm.com\/noticias\/wp-json\/wp\/v2\/comments?post=152348"}],"version-history":[{"count":1,"href":"https:\/\/vinasfm.com\/noticias\/wp-json\/wp\/v2\/posts\/152348\/revisions"}],"predecessor-version":[{"id":152351,"href":"https:\/\/vinasfm.com\/noticias\/wp-json\/wp\/v2\/posts\/152348\/revisions\/152351"}],"wp:featuredmedia":[{"embeddable":true,"href":"https:\/\/vinasfm.com\/noticias\/wp-json\/wp\/v2\/media\/135432"}],"wp:attachment":[{"href":"https:\/\/vinasfm.com\/noticias\/wp-json\/wp\/v2\/media?parent=152348"}],"wp:term":[{"taxonomy":"category","embeddable":true,"href":"https:\/\/vinasfm.com\/noticias\/wp-json\/wp\/v2\/categories?post=152348"},{"taxonomy":"post_tag","embeddable":true,"href":"https:\/\/vinasfm.com\/noticias\/wp-json\/wp\/v2\/tags?post=152348"}],"curies":[{"name":"wp","href":"https:\/\/api.w.org\/{rel}","templated":true}]}}