{"id":152302,"date":"2025-08-27T09:58:25","date_gmt":"2025-08-27T12:58:25","guid":{"rendered":"https:\/\/vinasfm.com\/noticias\/?p=152302"},"modified":"2025-08-27T19:40:11","modified_gmt":"2025-08-27T22:40:11","slug":"detuvieron-a-un-motociclista-alcoholizado-en-general-alvear","status":"publish","type":"post","link":"https:\/\/vinasfm.com\/noticias\/detuvieron-a-un-motociclista-alcoholizado-en-general-alvear\/","title":{"rendered":"DETUVIERON A UN MOTOCICLISTA ALCOHOLIZADO EN GENERAL ALVEAR"},"content":{"rendered":"<h4 data-start=\"121\" data-end=\"290\">En el marco de los controles viales que se desarrollan en la provincia, la Polic\u00eda de Mendoza detuvo a un hombre que circulaba en estado de ebriedad en General Alvear.<\/h4>\n<p data-start=\"292\" data-end=\"463\">El hecho ocurri\u00f3 en la intersecci\u00f3n de las calles Roca y Mitre, cuando personal de la Polic\u00eda Vial intercept\u00f3 una motocicleta Zanella conducida por C. E. L., de 37 a\u00f1os.<\/p>\n<p data-start=\"465\" data-end=\"623\">Al realizarle el test de alcoholemia, el resultado arroj\u00f3 <strong data-start=\"523\" data-end=\"559\">1.28 gramos de alcohol en sangre<\/strong>, valor que supera ampliamente el l\u00edmite permitido por la ley.<\/p>\n<p data-start=\"625\" data-end=\"734\">Como consecuencia, el conductor fue trasladado a la <strong data-start=\"677\" data-end=\"694\">Comisar\u00eda 14\u00b0<\/strong> y qued\u00f3 a disposici\u00f3n de la Justicia.<\/p>\n","protected":false},"excerpt":{"rendered":"<p>En el marco de los controles viales que se desarrollan en la provincia, la Polic\u00eda de Mendoza detuvo a un hombre &#8230;<\/p>\n","protected":false},"author":7,"featured_media":149635,"comment_status":"open","ping_status":"open","sticky":false,"template":"","format":"standard","meta":{"footnotes":""},"categories":[5,4],"tags":[],"class_list":["post-152302","post","type-post","status-publish","format-standard","has-post-thumbnail","hentry","category-actualidad","category-policiales"],"_links":{"self":[{"href":"https:\/\/vinasfm.com\/noticias\/wp-json\/wp\/v2\/posts\/152302","targetHints":{"allow":["GET"]}}],"collection":[{"href":"https:\/\/vinasfm.com\/noticias\/wp-json\/wp\/v2\/posts"}],"about":[{"href":"https:\/\/vinasfm.com\/noticias\/wp-json\/wp\/v2\/types\/post"}],"author":[{"embeddable":true,"href":"https:\/\/vinasfm.com\/noticias\/wp-json\/wp\/v2\/users\/7"}],"replies":[{"embeddable":true,"href":"https:\/\/vinasfm.com\/noticias\/wp-json\/wp\/v2\/comments?post=152302"}],"version-history":[{"count":1,"href":"https:\/\/vinasfm.com\/noticias\/wp-json\/wp\/v2\/posts\/152302\/revisions"}],"predecessor-version":[{"id":152303,"href":"https:\/\/vinasfm.com\/noticias\/wp-json\/wp\/v2\/posts\/152302\/revisions\/152303"}],"wp:featuredmedia":[{"embeddable":true,"href":"https:\/\/vinasfm.com\/noticias\/wp-json\/wp\/v2\/media\/149635"}],"wp:attachment":[{"href":"https:\/\/vinasfm.com\/noticias\/wp-json\/wp\/v2\/media?parent=152302"}],"wp:term":[{"taxonomy":"category","embeddable":true,"href":"https:\/\/vinasfm.com\/noticias\/wp-json\/wp\/v2\/categories?post=152302"},{"taxonomy":"post_tag","embeddable":true,"href":"https:\/\/vinasfm.com\/noticias\/wp-json\/wp\/v2\/tags?post=152302"}],"curies":[{"name":"wp","href":"https:\/\/api.w.org\/{rel}","templated":true}]}}