{"id":152255,"date":"2025-08-25T09:53:07","date_gmt":"2025-08-25T12:53:07","guid":{"rendered":"https:\/\/vinasfm.com\/noticias\/?p=152255"},"modified":"2025-08-26T10:02:14","modified_gmt":"2025-08-26T13:02:14","slug":"barbero-repaso-las-principales-obras-en-marcha-en-general-alvear-viviendas-ugacoop-asfaltado-y-renovacion-urbana","status":"publish","type":"post","link":"https:\/\/vinasfm.com\/noticias\/barbero-repaso-las-principales-obras-en-marcha-en-general-alvear-viviendas-ugacoop-asfaltado-y-renovacion-urbana\/","title":{"rendered":"BARBERO REPAS\u00d3 LAS PRINCIPALES OBRAS EN MARCHA EN GENERAL ALVEAR: VIVIENDAS, UGACOOP, ASFALTADO Y RENOVACI\u00d3N URBANA"},"content":{"rendered":"<p><strong><span style=\"color: #003300;\">En di\u00e1logo con FM VI\u00d1AS, el secretario de Obras P\u00fablicas de General Alvear, Emiliano Barbero, brind\u00f3 un detallado repaso de los proyectos en ejecuci\u00f3n en el departamento y destac\u00f3 que \u201cla obra del d\u00eda a d\u00eda\u201d se complementa con emprendimientos de gran envergadura que marcan un antes y un despu\u00e9s en la infraestructura local.<\/span><\/strong><\/p>\n<p>Entre los anuncios m\u00e1s relevantes, Barbero confirm\u00f3 que a fines de septiembre se entregar\u00e1n <strong>72 viviendas correspondientes a los barrios Alvear 1A y 1B<\/strong>, un hecho que calific\u00f3 como <strong><em>\u201cmuy beneficioso para el departamento, porque significa que muchas familias podr\u00e1n acceder a su hogar propio\u201d.<\/em><\/strong><\/p>\n<p>En materia educativa, subray\u00f3 la inminente inauguraci\u00f3n del nuevo campus de <strong>UGACOOP,<\/strong>\u00a0prevista para fines de agosto. <strong><em>\u201cEs un logro hist\u00f3rico para el departamento, porque permitir\u00e1 que muchos j\u00f3venes puedan estudiar y quedarse en el lugar junto a sus familias\u201d<\/em><\/strong>, asegur\u00f3.<\/p>\n<p>Respecto a infraestructura deportiva y sanitaria, detall\u00f3 avances en el <strong>polideportivo de Bowen<\/strong>, donde ya se levantan columnas y paredes para el posterior montaje del techo met\u00e1lico, y en el <strong>pabell\u00f3n psiqui\u00e1trico del hospital local<\/strong>.<\/p>\n<p>El funcionario tambi\u00e9n hizo referencia a la recuperaci\u00f3n del <strong>Parque Central<\/strong>, donde se trabaja en la limpieza de terrenos que eran basurales, la forestaci\u00f3n de mil metros con riego por hijuela y la colocaci\u00f3n de luminarias mediante un tendido el\u00e9ctrico en conjunto con Cecsagal.<\/p>\n<p>En paralelo, confirm\u00f3 que en los pr\u00f3ximos 15 d\u00edas se iniciar\u00e1 el <strong>plan de asfaltado<\/strong>, que comenzar\u00e1 en Bowen, tras completarse las conexiones cloacales domiciliarias en el barrio Soemga. Sobre este punto, explic\u00f3 que <strong>la nueva red beneficia de manera directa a los barrios Alvear 1A y 1B<\/strong>, y que se est\u00e1n realizando mejoras en la <strong>estaci\u00f3n de rebombeo de 9 de Julio y Libertad<\/strong>, para que quede en \u00f3ptimas condiciones antes de ser entregada a ISCAMEN.<\/p>\n<p>En cuanto a alumbrado p\u00fablico, Barbero resalt\u00f3 el avance hacia un Alvear completamente iluminado con <strong>luces LED<\/strong>, lo que impactar\u00e1 en la seguridad vial y peatonal. Adem\u00e1s, anticip\u00f3 la pronta inauguraci\u00f3n de la <strong>Plaza de El Cerrito en Bowen<\/strong>, as\u00ed como mejoras en plazas y bulevares de otros distritos.<\/p>\n<p>El funcionario tambi\u00e9n se refiri\u00f3 a proyectos de largo plazo, como el <strong>traslado de la terminal de \u00f3mnibus<\/strong>. Explic\u00f3 que <strong>ya se logr\u00f3 un primer paso con la cesi\u00f3n de terrenos del ferrocarril, aunque a\u00fan resta la gesti\u00f3n de sectores adicionales para poder encarar el plan completo.<\/strong><\/p>\n<p>Finalmente, inform\u00f3 sobre el avance en la obra del <strong>kil\u00f3metro cero de la ciudad<\/strong>, que sufri\u00f3 una demora de 10 d\u00edas debido al reemplazo de antiguas ca\u00f1er\u00edas de plomo. No obstante, asegur\u00f3 que los materiales ya llegaron y que el proyecto avanza en tiempo y forma.<\/p>\n<p><strong><em>\u201cEstamos trabajando much\u00edsimo, con mucha log\u00edstica y priorizando las obras que m\u00e1s benefician a los vecinos en esta dif\u00edcil situaci\u00f3n econ\u00f3mica\u201d<\/em><\/strong>, concluy\u00f3 Barbero.<\/p>\n","protected":false},"excerpt":{"rendered":"<p>En di\u00e1logo con FM VI\u00d1AS, el secretario de Obras P\u00fablicas de General Alvear, Emiliano Barbero, brind\u00f3 un detallado repaso de los &#8230;<\/p>\n","protected":false},"author":7,"featured_media":152275,"comment_status":"open","ping_status":"open","sticky":false,"template":"","format":"standard","meta":{"footnotes":""},"categories":[78,29],"tags":[],"class_list":["post-152255","post","type-post","status-publish","format-standard","has-post-thumbnail","hentry","category-municipalidad","category-obras-y-servicios"],"_links":{"self":[{"href":"https:\/\/vinasfm.com\/noticias\/wp-json\/wp\/v2\/posts\/152255","targetHints":{"allow":["GET"]}}],"collection":[{"href":"https:\/\/vinasfm.com\/noticias\/wp-json\/wp\/v2\/posts"}],"about":[{"href":"https:\/\/vinasfm.com\/noticias\/wp-json\/wp\/v2\/types\/post"}],"author":[{"embeddable":true,"href":"https:\/\/vinasfm.com\/noticias\/wp-json\/wp\/v2\/users\/7"}],"replies":[{"embeddable":true,"href":"https:\/\/vinasfm.com\/noticias\/wp-json\/wp\/v2\/comments?post=152255"}],"version-history":[{"count":2,"href":"https:\/\/vinasfm.com\/noticias\/wp-json\/wp\/v2\/posts\/152255\/revisions"}],"predecessor-version":[{"id":152268,"href":"https:\/\/vinasfm.com\/noticias\/wp-json\/wp\/v2\/posts\/152255\/revisions\/152268"}],"wp:featuredmedia":[{"embeddable":true,"href":"https:\/\/vinasfm.com\/noticias\/wp-json\/wp\/v2\/media\/152275"}],"wp:attachment":[{"href":"https:\/\/vinasfm.com\/noticias\/wp-json\/wp\/v2\/media?parent=152255"}],"wp:term":[{"taxonomy":"category","embeddable":true,"href":"https:\/\/vinasfm.com\/noticias\/wp-json\/wp\/v2\/categories?post=152255"},{"taxonomy":"post_tag","embeddable":true,"href":"https:\/\/vinasfm.com\/noticias\/wp-json\/wp\/v2\/tags?post=152255"}],"curies":[{"name":"wp","href":"https:\/\/api.w.org\/{rel}","templated":true}]}}