{"id":152245,"date":"2025-08-25T10:21:21","date_gmt":"2025-08-25T13:21:21","guid":{"rendered":"https:\/\/vinasfm.com\/noticias\/?p=152245"},"modified":"2025-08-26T10:27:49","modified_gmt":"2025-08-26T13:27:49","slug":"general-alvear-celebro-el-dia-del-nino-en-cada-rincon-del-departamento","status":"publish","type":"post","link":"https:\/\/vinasfm.com\/noticias\/general-alvear-celebro-el-dia-del-nino-en-cada-rincon-del-departamento\/","title":{"rendered":"GENERAL ALVEAR CELEBR\u00d3 EL D\u00cdA DEL NI\u00d1O EN CADA RINC\u00d3N DEL DEPARTAMENTO"},"content":{"rendered":"<h4><strong><span style=\"color: #003300;\">La comunidad alvearense vivi\u00f3 este domingo una verdadera fiesta dedicada a los m\u00e1s peque\u00f1os, con celebraciones simult\u00e1neas en Bowen, Carmensa, Alvear Oeste y en los barrios San Carlos y El Desv\u00edo. <\/span><\/strong><\/h4>\n<p>La propuesta, organizada por la Municipalidad, reuni\u00f3 a miles de ni\u00f1os y sus familias en una jornada colmada de juegos, m\u00fasica y diversi\u00f3n.<\/p>\n<p>La iniciativa form\u00f3 parte del programa de festejos que comenz\u00f3 en distintos parajes del departamento y tuvo su punto central en la plaza principal. En esta ocasi\u00f3n, <strong>el objetivo fue llegar a cada distrito y barrio, para que todos los chicos pudieran disfrutar de su d\u00eda cerca de sus hogares.<\/strong><\/p>\n<p><a href=\"https:\/\/vinasfm.com\/noticias\/wp-content\/uploads\/2025\/08\/Imagen-de-WhatsApp-2025-08-25-a-las-10.14.10_058d8725.jpg\"><img loading=\"lazy\" decoding=\"async\" class=\"alignnone wp-image-152247\" src=\"https:\/\/vinasfm.com\/noticias\/wp-content\/uploads\/2025\/08\/Imagen-de-WhatsApp-2025-08-25-a-las-10.14.10_058d8725-1024x576.jpg\" alt=\"\" width=\"350\" height=\"197\" srcset=\"https:\/\/vinasfm.com\/noticias\/wp-content\/uploads\/2025\/08\/Imagen-de-WhatsApp-2025-08-25-a-las-10.14.10_058d8725-1024x576.jpg 1024w, https:\/\/vinasfm.com\/noticias\/wp-content\/uploads\/2025\/08\/Imagen-de-WhatsApp-2025-08-25-a-las-10.14.10_058d8725-300x169.jpg 300w, https:\/\/vinasfm.com\/noticias\/wp-content\/uploads\/2025\/08\/Imagen-de-WhatsApp-2025-08-25-a-las-10.14.10_058d8725-768x432.jpg 768w, https:\/\/vinasfm.com\/noticias\/wp-content\/uploads\/2025\/08\/Imagen-de-WhatsApp-2025-08-25-a-las-10.14.10_058d8725-750x420.jpg 750w, https:\/\/vinasfm.com\/noticias\/wp-content\/uploads\/2025\/08\/Imagen-de-WhatsApp-2025-08-25-a-las-10.14.10_058d8725-1140x641.jpg 1140w, https:\/\/vinasfm.com\/noticias\/wp-content\/uploads\/2025\/08\/Imagen-de-WhatsApp-2025-08-25-a-las-10.14.10_058d8725.jpg 1500w\" sizes=\"auto, (max-width: 350px) 100vw, 350px\" \/><\/a> <a href=\"https:\/\/vinasfm.com\/noticias\/wp-content\/uploads\/2025\/08\/Imagen-de-WhatsApp-2025-08-25-a-las-10.14.11_a8773253.jpg\"><img loading=\"lazy\" decoding=\"async\" class=\"alignnone wp-image-152248\" src=\"https:\/\/vinasfm.com\/noticias\/wp-content\/uploads\/2025\/08\/Imagen-de-WhatsApp-2025-08-25-a-las-10.14.11_a8773253.jpg\" alt=\"\" width=\"350\" height=\"197\" srcset=\"https:\/\/vinasfm.com\/noticias\/wp-content\/uploads\/2025\/08\/Imagen-de-WhatsApp-2025-08-25-a-las-10.14.11_a8773253.jpg 1500w, https:\/\/vinasfm.com\/noticias\/wp-content\/uploads\/2025\/08\/Imagen-de-WhatsApp-2025-08-25-a-las-10.14.11_a8773253-300x169.jpg 300w, https:\/\/vinasfm.com\/noticias\/wp-content\/uploads\/2025\/08\/Imagen-de-WhatsApp-2025-08-25-a-las-10.14.11_a8773253-1024x576.jpg 1024w, https:\/\/vinasfm.com\/noticias\/wp-content\/uploads\/2025\/08\/Imagen-de-WhatsApp-2025-08-25-a-las-10.14.11_a8773253-768x432.jpg 768w, https:\/\/vinasfm.com\/noticias\/wp-content\/uploads\/2025\/08\/Imagen-de-WhatsApp-2025-08-25-a-las-10.14.11_a8773253-750x420.jpg 750w, https:\/\/vinasfm.com\/noticias\/wp-content\/uploads\/2025\/08\/Imagen-de-WhatsApp-2025-08-25-a-las-10.14.11_a8773253-1140x641.jpg 1140w\" sizes=\"auto, (max-width: 350px) 100vw, 350px\" \/><\/a><\/p>\n<p>Los espacios estuvieron acondicionados con juegos did\u00e1cticos, actividades recreativas, espect\u00e1culos infantiles, sorteos y la tradicional chocolatada, que se convirti\u00f3 en uno de los momentos m\u00e1s esperados por los ni\u00f1os. <strong>La amplia participaci\u00f3n vecinal confirm\u00f3 el car\u00e1cter masivo de este \u201cmegafestejo\u201d, pensado especialmente para que cada ni\u00f1a y cada ni\u00f1o vivieran una experiencia inolvidable.<\/strong><\/p>\n<p>De esta manera, General Alvear reafirm\u00f3 su compromiso con la infancia y con la generaci\u00f3n de espacios de encuentro, inclusi\u00f3n y alegr\u00eda para toda\u00a0la\u00a0comunidad.<\/p>\n","protected":false},"excerpt":{"rendered":"<p>La comunidad alvearense vivi\u00f3 este domingo una verdadera fiesta dedicada a los m\u00e1s peque\u00f1os, con celebraciones simult\u00e1neas en Bowen, Carmensa, Alvear &#8230;<\/p>\n","protected":false},"author":7,"featured_media":152246,"comment_status":"open","ping_status":"open","sticky":false,"template":"","format":"standard","meta":{"footnotes":""},"categories":[10,11],"tags":[],"class_list":["post-152245","post","type-post","status-publish","format-standard","has-post-thumbnail","hentry","category-destacadas","category-sociales"],"_links":{"self":[{"href":"https:\/\/vinasfm.com\/noticias\/wp-json\/wp\/v2\/posts\/152245","targetHints":{"allow":["GET"]}}],"collection":[{"href":"https:\/\/vinasfm.com\/noticias\/wp-json\/wp\/v2\/posts"}],"about":[{"href":"https:\/\/vinasfm.com\/noticias\/wp-json\/wp\/v2\/types\/post"}],"author":[{"embeddable":true,"href":"https:\/\/vinasfm.com\/noticias\/wp-json\/wp\/v2\/users\/7"}],"replies":[{"embeddable":true,"href":"https:\/\/vinasfm.com\/noticias\/wp-json\/wp\/v2\/comments?post=152245"}],"version-history":[{"count":1,"href":"https:\/\/vinasfm.com\/noticias\/wp-json\/wp\/v2\/posts\/152245\/revisions"}],"predecessor-version":[{"id":152249,"href":"https:\/\/vinasfm.com\/noticias\/wp-json\/wp\/v2\/posts\/152245\/revisions\/152249"}],"wp:featuredmedia":[{"embeddable":true,"href":"https:\/\/vinasfm.com\/noticias\/wp-json\/wp\/v2\/media\/152246"}],"wp:attachment":[{"href":"https:\/\/vinasfm.com\/noticias\/wp-json\/wp\/v2\/media?parent=152245"}],"wp:term":[{"taxonomy":"category","embeddable":true,"href":"https:\/\/vinasfm.com\/noticias\/wp-json\/wp\/v2\/categories?post=152245"},{"taxonomy":"post_tag","embeddable":true,"href":"https:\/\/vinasfm.com\/noticias\/wp-json\/wp\/v2\/tags?post=152245"}],"curies":[{"name":"wp","href":"https:\/\/api.w.org\/{rel}","templated":true}]}}