{"id":152216,"date":"2025-08-22T08:40:52","date_gmt":"2025-08-22T11:40:52","guid":{"rendered":"https:\/\/vinasfm.com\/noticias\/?p=152216"},"modified":"2025-08-25T08:46:14","modified_gmt":"2025-08-25T11:46:14","slug":"marcolini-destaco-la-intensa-actividad-legislativa-y-avances-en-designaciones-y-nuevas-leyes-en-mendoza","status":"publish","type":"post","link":"https:\/\/vinasfm.com\/noticias\/marcolini-destaco-la-intensa-actividad-legislativa-y-avances-en-designaciones-y-nuevas-leyes-en-mendoza\/","title":{"rendered":"MARCOLINI DESTAC\u00d3 LA INTENSA ACTIVIDAD LEGISLATIVA Y AVANCES EN DESIGNACIONES Y NUEVAS LEYES EN MENDOZA"},"content":{"rendered":"<h4><span style=\"color: #003300;\"><strong>En di\u00e1logo con FM VI\u00d1AS, el senador provincial Walther Marcolini subray\u00f3 la activa agenda legislativa que atraviesa la provincia, con sesiones semanales que derivan en la aprobaci\u00f3n de diversas normas y designaciones clave.<\/strong><\/span><\/h4>\n<p>El legislador se\u00f1al\u00f3 que en la \u00faltima sesi\u00f3n se aprobaron <strong>tres leyes<\/strong> y se avanz\u00f3 con la designaci\u00f3n del ingeniero <span style=\"color: #003366;\"><strong>H\u00e9ctor Manuel Laspada<\/strong><\/span> como director del <strong>Ente Provincial Regulador de la Electricidad (EPRE)<\/strong>, con un respaldo <em><strong>\u201cinusual\u201d<\/strong><\/em> por parte de la oposici\u00f3n. <strong><em>\u201cNo se hab\u00eda dado en el \u00faltimo a\u00f1o y medio que hubiera un acompa\u00f1amiento tan amplio hacia un candidato propuesto por el Poder Ejecutivo, lo que habla de la calidad t\u00e9cnica y humana del ingeniero Laspada\u201d<\/em><\/strong>, afirm\u00f3.<\/p>\n<div style=\"width: 564px\" class=\"wp-caption aligncenter\"><img loading=\"lazy\" decoding=\"async\" src=\"https:\/\/www.memo.com.ar\/files\/image\/92\/92035\/68a499ec987b2_905_510!.png?s=aeb49b175b498db09378306782bffa23&amp;d=1755617871\" alt=\"El Senado design\u00f3 a H\u00e9ctor Laspada como nuevo director del EPRE - Noticias  de Mendoza - Memo\" width=\"564\" height=\"318\" \/><p class=\"wp-caption-text\">El Senado design\u00f3 a H\u00e9ctor Laspada como nuevo director del EPRE<\/p><\/div>\n<p>Asimismo, destac\u00f3 el inicio del proceso de designaci\u00f3n de la contadora <strong>Andrea Molina<\/strong> como directora vocal del <strong>Tribunal de Cuentas<\/strong>, en reemplazo de Peti\u00f1ano, recientemente jubilado. La audiencia p\u00fablica est\u00e1 prevista para el <strong>3 de septiembre<\/strong>, mientras que la sesi\u00f3n de acuerdo se realizar\u00e1 el <strong>10 del mismo mes<\/strong>.<\/p>\n<p>En cuanto a la legislaci\u00f3n aprobada, Marcolini inform\u00f3 que se sancion\u00f3 una norma que <strong>modifica la antig\u00fcedad permitida de los veh\u00edculos de transporte privado<\/strong>, ampliando el l\u00edmite de 10 a 13 a\u00f1os, con controles t\u00e9cnicos obligatorios cada 60 d\u00edas. La medida beneficia a transportes escolares, para personas con discapacidad y traslados privados empresariales.<\/p>\n<p>En el caso de los servicios por plataformas digitales como <strong>Uber o Cabify<\/strong>, el l\u00edmite de antig\u00fcedad se redujo: <strong>8 a\u00f1os para remises por aplicaciones<\/strong> y <strong>10 para taxis tradicionales<\/strong>. <strong><em>\u201cSe trata de una medida de seguridad que busca garantizar un servicio eficiente y confiable para los usuarios\u201d<\/em><\/strong>, explic\u00f3.<\/p>\n<p>Por otro lado, el senador se refiri\u00f3 al debate nacional sobre la implementaci\u00f3n de un <strong>cambio de huso horario<\/strong>, impulsado en el Congreso por el diputado Julio Cobos. La iniciativa, que ya cuenta con media sanci\u00f3n, busca mejorar la calidad de vida y reducir el consumo energ\u00e9tico en provincias del oeste argentino. <strong><em>\u201cMendoza se ver\u00eda muy beneficiada, porque un cambio permitir\u00eda mayor aprovechamiento de la luz solar y hasta un ahorro estimado del 5% en la factura de electricidad\u201d<\/em><\/strong>, sostuvo.<\/p>\n<p>Finalmente, <span style=\"color: #003366;\"><strong>Marcolini<\/strong> <\/span>remarc\u00f3 que estas medidas legislativas responden tanto a demandas hist\u00f3ricas de distintos sectores como a la necesidad de optimizar recursos y garantizar seguridad y eficiencia en los servicios que impactan directamente en la vida de los mendocinos.<\/p>\n","protected":false},"excerpt":{"rendered":"<p>En di\u00e1logo con FM VI\u00d1AS, el senador provincial Walther Marcolini subray\u00f3 la activa agenda legislativa que atraviesa la provincia, con sesiones &#8230;<\/p>\n","protected":false},"author":7,"featured_media":152218,"comment_status":"open","ping_status":"open","sticky":false,"template":"","format":"standard","meta":{"footnotes":""},"categories":[5,43],"tags":[],"class_list":["post-152216","post","type-post","status-publish","format-standard","has-post-thumbnail","hentry","category-actualidad","category-legislatura"],"_links":{"self":[{"href":"https:\/\/vinasfm.com\/noticias\/wp-json\/wp\/v2\/posts\/152216","targetHints":{"allow":["GET"]}}],"collection":[{"href":"https:\/\/vinasfm.com\/noticias\/wp-json\/wp\/v2\/posts"}],"about":[{"href":"https:\/\/vinasfm.com\/noticias\/wp-json\/wp\/v2\/types\/post"}],"author":[{"embeddable":true,"href":"https:\/\/vinasfm.com\/noticias\/wp-json\/wp\/v2\/users\/7"}],"replies":[{"embeddable":true,"href":"https:\/\/vinasfm.com\/noticias\/wp-json\/wp\/v2\/comments?post=152216"}],"version-history":[{"count":1,"href":"https:\/\/vinasfm.com\/noticias\/wp-json\/wp\/v2\/posts\/152216\/revisions"}],"predecessor-version":[{"id":152219,"href":"https:\/\/vinasfm.com\/noticias\/wp-json\/wp\/v2\/posts\/152216\/revisions\/152219"}],"wp:featuredmedia":[{"embeddable":true,"href":"https:\/\/vinasfm.com\/noticias\/wp-json\/wp\/v2\/media\/152218"}],"wp:attachment":[{"href":"https:\/\/vinasfm.com\/noticias\/wp-json\/wp\/v2\/media?parent=152216"}],"wp:term":[{"taxonomy":"category","embeddable":true,"href":"https:\/\/vinasfm.com\/noticias\/wp-json\/wp\/v2\/categories?post=152216"},{"taxonomy":"post_tag","embeddable":true,"href":"https:\/\/vinasfm.com\/noticias\/wp-json\/wp\/v2\/tags?post=152216"}],"curies":[{"name":"wp","href":"https:\/\/api.w.org\/{rel}","templated":true}]}}