{"id":152211,"date":"2025-08-23T12:53:35","date_gmt":"2025-08-23T15:53:35","guid":{"rendered":"https:\/\/vinasfm.com\/noticias\/?p=152211"},"modified":"2025-08-25T09:59:47","modified_gmt":"2025-08-25T12:59:47","slug":"un-cientifico-mendocino-explico-por-que-argentina-vive-una-hora-y-media-desfasada-del-sol","status":"publish","type":"post","link":"https:\/\/vinasfm.com\/noticias\/un-cientifico-mendocino-explico-por-que-argentina-vive-una-hora-y-media-desfasada-del-sol\/","title":{"rendered":"UN CIENT\u00cdFICO MENDOCINO EXPLIC\u00d3 POR QU\u00c9 ARGENTINA VIVE UNA HORA Y MEDIA DESFASADA DEL SOL"},"content":{"rendered":"<article class=\"article-body first\">\n<div class=\"article-content\">\n<div class=\"cuerpo\" data-twitter-link=\"\">\n<p>Esta semana la C\u00e1mara de Diputados le dio media sanci\u00f3n a un proyecto de ley impulsado por el radical mendocino\u00a0<strong>Julio Cobos<\/strong>\u00a0que plantea realizar el\u00a0<strong><a href=\"https:\/\/www.diariouno.com.ar\/cambio-hora-a213404\" target=\"_blank\" rel=\"follow noopener\">cambio de hora\u00a0<\/a><\/strong>oficial de Argentina, pasando del huso horario actual UTC -3 al UTC -4. La medida significar\u00eda<strong>\u00a0atrasar los relojes una hora\u00a0<\/strong>para ajustarse mejor a la posici\u00f3n geogr\u00e1fica del pa\u00eds.<\/p>\n<\/div>\n<\/div>\n<\/article>\n<article class=\"article-body\">\n<div class=\"article-content\">\n<div class=\"cuerpo\" data-twitter-link=\"\">\n<p>Roberto Rodr\u00edguez, doctor en Medio Ambiente Visual e Iluminaci\u00f3n Eficiente,\u00a0<strong>investigador del Conicet<\/strong>\u00a0Mendoza e integrante del equipo de la doctora Andrea Pattini en el Instituto de Ambiente, H\u00e1bitat y Energ\u00eda (INAHE), explic\u00f3 a\u00a0<em>Diario UNO<\/em>\u00a0que la correcci\u00f3n es necesaria porque la<strong>\u00a0hora oficial<\/strong>\u00a0no coincide con la solar.<\/p>\n<p>Sin embargo, advirti\u00f3 que la intenci\u00f3n de la iniciativa aprobada por el Congreso deber\u00eda centrarse en el\u00a0<strong>bienestar de la poblaci\u00f3n<\/strong>\u00a0y no solo en un supuesto ahorro energ\u00e9tico.<\/p>\n<h2>Un mediod\u00eda que no llega \u00abal mediod\u00eda\u00bb<\/h2>\n<p>\u00abEl mediod\u00eda solar real en Mendoza ocurre a las 13.30, no a las 12 como marcan los relojes. Eso significa que vivimos permanentemente desfasados respecto al ciclo natural del sol\u201d, explic\u00f3 Rodr\u00edguez.<\/p>\n<p>Ese\u00a0<strong>desfasaje<\/strong>\u00a0se repite en gran parte del pa\u00eds, y es la consecuencia de que Argentina utilice desde hace d\u00e9cadas un<strong>\u00a0huso horario<\/strong>\u00a0que no le corresponde.<\/p>\n<p>El investigador se\u00f1al\u00f3 que este desacople entre la<strong>\u00a0hora solar<\/strong>\u00a0y la<strong>\u00a0hora civil<\/strong>\u00a0no es solo un detalle t\u00e9cnico: \u00abLos seres humanos evolucionamos como animales diurnos, con el sol como \u00fanico iluminante. Nuestro<strong>\u00a0reloj biol\u00f3gico\u00a0<\/strong>se sincroniza todos los d\u00edas con la luz. Si la hora civil no acompa\u00f1a ese ritmo, aparecen problemas de sue\u00f1o, de atenci\u00f3n y de salud en general\u201d.<\/p>\n<h2>El l\u00edmite del argumento energ\u00e9tico<\/h2>\n<p>Si bien el proyecto de ley de\u00a0<strong>Julio Cobos<\/strong>\u00a0menciona la posibilidad de reducir el consumo el\u00e9ctrico, Rodr\u00edguez fue claro en marcar que el\u00a0<strong>cambio de hora<\/strong>\u00a0no resolver\u00e1 por s\u00ed solo el problema energ\u00e9tico.<\/p>\n<p>\u00abNo vamos a ahorrar m\u00e1gicamente por correr una hora el reloj. Hoy tenemos tecnolog\u00edas de iluminaci\u00f3n muy eficientes, como los LED, que hacen que el consumo sea bajo. El gasto principal est\u00e1 en los h\u00e1bitos: aire acondicionado, calefacci\u00f3n, pantallas. Ah\u00ed es donde se juega la diferencia\u201d, remarc\u00f3.<\/p>\n<p>En ese sentido, el especialista sostuvo que el debate deber\u00eda apuntar\u00a0<strong>m\u00e1s a la salud\u00a0<\/strong>y la\u00a0<strong>calidad de vida<\/strong>\u00a0que a las estad\u00edsticas de consumo. \u00abNecesitamos sincronizarnos con la hora solar, no solo para aprovechar mejor la luz sino para estar m\u00e1s alineados con nuestro<strong>\u00a0reloj\u00a0<\/strong>biol\u00f3gico\u201d, agreg\u00f3.<\/p>\n<h2>Contra el \u00abida y vuelta\u201d del reloj<\/h2>\n<p>Uno de los puntos que m\u00e1s preocupa a los especialistas es el art\u00edculo 2 del proyecto que plantea la posibilidad de volver a adelantar la hora en la temporada estival, emulando el llamado \u00ab<strong>horario de verano<\/strong>\u201d.<\/p>\n<p>Rodr\u00edguez se mostr\u00f3\u00a0<strong>contrario a esa opci\u00f3n<\/strong>: \u00abNo tiene l\u00f3gica atrasar el reloj en invierno para luego adelantarlo en verano. Esa pr\u00e1ctica ya est\u00e1 siendo descartada en muchos pa\u00edses porque genera m\u00e1s perjuicios que beneficios\u201d.<\/p>\n<p>De hecho, record\u00f3 que la Uni\u00f3n Europea busca eliminar este sistema y que M\u00e9xico lo descart\u00f3 en 2022. \u00abCada vez que se cambia la hora de manera brusca aumentan los\u00a0<strong>infartos<\/strong>, los\u00a0<strong>accidentes viales<\/strong>\u00a0y los\u00a0<strong>problemas de sue\u00f1o<\/strong>. Es como provocar un jet lag forzado en toda la sociedad\u201d, ejemplific\u00f3.<\/p>\n<p><strong>Argentina<\/strong>\u00a0ha modificado su\u00a0<strong>huso horario\u00a0<\/strong>varias veces a lo largo de su historia. \u00abEn 1920 se estableci\u00f3 el -4, que es el que nos corresponde. En 1930 se incorpor\u00f3 el -3 para el verano. Y en 1969 se dej\u00f3 fijo ese<strong>\u00a0horario<\/strong>, que es el que seguimos usando. Incluso hubo momentos en que llegamos al -2, algo totalmente alejado de la realidad solar del pa\u00eds\u201d, repas\u00f3 Rodr\u00edguez.<\/p>\n<p>El investigador se\u00f1al\u00f3 que la tendencia de cambios constantes solo ha contribuido a la confusi\u00f3n. \u00abLo correcto ser\u00eda fijar un\u00a0<strong>huso horario<\/strong>\u00a0acorde a nuestra geograf\u00eda y sostenerlo en el tiempo. Los pa\u00edses necesitan<strong>\u00a0estabilidad<\/strong>\u00a0en estas decisiones, no modificaciones cada pocos a\u00f1os\u201d, enfatiz\u00f3.<\/p>\n<h2>Aprender a dormir sin luz<\/h2>\n<p>El\u00a0<strong>desfasaje horario\u00a0<\/strong>repercute sobre todo en la vida cotidiana de las personas. \u00abCuando los chicos entran a la escuela en invierno, lo hacen de\u00a0<strong>noche<\/strong>. Lo mismo ocurre con miles de trabajadores. En cambio, si atrasamos una\u00a0<strong>hora<\/strong>, esas actividades se har\u00edan con luz solar, lo que favorece la atenci\u00f3n, el aprendizaje y el rendimiento f\u00edsico y cognitivo\u201d, explic\u00f3 Rodr\u00edguez.<\/p>\n<p>El especialista subray\u00f3 que\u00a0<strong>dormir<\/strong>\u00a0bien y en sincron\u00eda con el<strong>\u00a0ciclo natural de luz y oscuridad<\/strong>\u00a0es clave para la salud. \u00abEstamos en una sociedad que no descansa y eso se traduce en m\u00e1s estr\u00e9s, m\u00e1s enfermedades y hasta en peores decisiones colectivas. Vivir m\u00e1s cerca de la\u00a0<strong>hora<\/strong>\u00a0solar ser\u00eda un paso hacia una vida m\u00e1s saludable y equilibrada\u201d, concluy\u00f3.<\/p>\n<\/div>\n<\/div>\n<\/article>\n<article class=\"article-body third-p\">\n<div class=\"article-content\">\n<div class=\"cuerpo\" data-twitter-link=\"\"><\/div>\n<\/div>\n<\/article>\n","protected":false},"excerpt":{"rendered":"<p>Esta semana la C\u00e1mara de Diputados le dio media sanci\u00f3n a un proyecto de ley impulsado por el radical mendocino\u00a0Julio Cobos\u00a0que &#8230;<\/p>\n","protected":false},"author":7,"featured_media":152114,"comment_status":"open","ping_status":"open","sticky":false,"template":"","format":"standard","meta":{"footnotes":""},"categories":[5,10],"tags":[],"class_list":["post-152211","post","type-post","status-publish","format-standard","has-post-thumbnail","hentry","category-actualidad","category-destacadas"],"_links":{"self":[{"href":"https:\/\/vinasfm.com\/noticias\/wp-json\/wp\/v2\/posts\/152211","targetHints":{"allow":["GET"]}}],"collection":[{"href":"https:\/\/vinasfm.com\/noticias\/wp-json\/wp\/v2\/posts"}],"about":[{"href":"https:\/\/vinasfm.com\/noticias\/wp-json\/wp\/v2\/types\/post"}],"author":[{"embeddable":true,"href":"https:\/\/vinasfm.com\/noticias\/wp-json\/wp\/v2\/users\/7"}],"replies":[{"embeddable":true,"href":"https:\/\/vinasfm.com\/noticias\/wp-json\/wp\/v2\/comments?post=152211"}],"version-history":[{"count":1,"href":"https:\/\/vinasfm.com\/noticias\/wp-json\/wp\/v2\/posts\/152211\/revisions"}],"predecessor-version":[{"id":152212,"href":"https:\/\/vinasfm.com\/noticias\/wp-json\/wp\/v2\/posts\/152211\/revisions\/152212"}],"wp:featuredmedia":[{"embeddable":true,"href":"https:\/\/vinasfm.com\/noticias\/wp-json\/wp\/v2\/media\/152114"}],"wp:attachment":[{"href":"https:\/\/vinasfm.com\/noticias\/wp-json\/wp\/v2\/media?parent=152211"}],"wp:term":[{"taxonomy":"category","embeddable":true,"href":"https:\/\/vinasfm.com\/noticias\/wp-json\/wp\/v2\/categories?post=152211"},{"taxonomy":"post_tag","embeddable":true,"href":"https:\/\/vinasfm.com\/noticias\/wp-json\/wp\/v2\/tags?post=152211"}],"curies":[{"name":"wp","href":"https:\/\/api.w.org\/{rel}","templated":true}]}}