{"id":152200,"date":"2025-08-23T11:18:47","date_gmt":"2025-08-23T14:18:47","guid":{"rendered":"https:\/\/vinasfm.com\/noticias\/?p=152200"},"modified":"2025-08-23T11:18:47","modified_gmt":"2025-08-23T14:18:47","slug":"general-alvear-es-sede-del-torneo-provincial-de-bochas","status":"publish","type":"post","link":"https:\/\/vinasfm.com\/noticias\/general-alvear-es-sede-del-torneo-provincial-de-bochas\/","title":{"rendered":"GENERAL ALVEAR ES SEDE DEL TORNEO PROVINCIAL DE BOCHAS"},"content":{"rendered":"<h4><span style=\"color: #003300;\"><strong>Este s\u00e1bado desde las <em>14 horas<\/em> comenzar\u00e1 en Andes F.C. el <em>Torneo Provincial de Bochas de 2\u00b0 categor\u00eda<\/em>, un evento que reunir\u00e1 a todas las asociaciones de la provincia en esta tradicional disciplina.<\/strong><\/span><\/h4>\n<p>La presidenta de la <strong>Asociaci\u00f3n Alvearense de Bochas<\/strong>, <em>Elizabeth Constanzo<\/em>, destac\u00f3 la importancia del certamen y confirm\u00f3 que General Alvear estar\u00e1 representado con <strong>cuatro equipos locales<\/strong>.<\/p>\n<p>Los encuentros se desarrollar\u00e1n en tres escenarios: <em>Club Andes, Club Villa Atuel y Club Real del Padre<\/em>.<\/p>\n<p>&#x1f449; <strong>Los equipos que representar\u00e1n a General Alvear son:<\/strong><\/p>\n<ul>\n<li><strong>Equipo 1:<\/strong> Abel Miscovich, Bruno Miscovich, V\u00edctor Sosa y Diego P\u00e1ez. DT: Tom\u00e1s Vald\u00e9s.<\/li>\n<li><strong>Equipo 2:<\/strong> N\u00e9stor S\u00e1ez, Marcelo Orozco, Tiago Cruz y Lautaro Becerra. DT: Gabriel Constanzo.<\/li>\n<li><strong>Equipo 3:<\/strong> Omar Bogado, Daniel Jofr\u00e9, Alberto Mattus y Guillermo Olivera. DT: Mat\u00edas Ruiz.<\/li>\n<li><strong>Equipo 4:<\/strong> Miguel Lara, Rub\u00e9n Rodr\u00edguez, Daniel Salinas y Alfredo Ferreyra. DT: Walter Mart\u00ednez.<\/li>\n<\/ul>\n<p>Constanzo resalt\u00f3 que se trata de una oportunidad para mostrar el nivel del deporte local y fortalecer el v\u00ednculo entre las distintas asociaciones de la provincia.<\/p>\n","protected":false},"excerpt":{"rendered":"<p>Este s\u00e1bado desde las 14 horas comenzar\u00e1 en Andes F.C. el Torneo Provincial de Bochas de 2\u00b0 categor\u00eda, un evento que &#8230;<\/p>\n","protected":false},"author":7,"featured_media":152202,"comment_status":"open","ping_status":"open","sticky":false,"template":"","format":"standard","meta":{"footnotes":""},"categories":[1],"tags":[],"class_list":["post-152200","post","type-post","status-publish","format-standard","has-post-thumbnail","hentry","category-fmvinas"],"_links":{"self":[{"href":"https:\/\/vinasfm.com\/noticias\/wp-json\/wp\/v2\/posts\/152200","targetHints":{"allow":["GET"]}}],"collection":[{"href":"https:\/\/vinasfm.com\/noticias\/wp-json\/wp\/v2\/posts"}],"about":[{"href":"https:\/\/vinasfm.com\/noticias\/wp-json\/wp\/v2\/types\/post"}],"author":[{"embeddable":true,"href":"https:\/\/vinasfm.com\/noticias\/wp-json\/wp\/v2\/users\/7"}],"replies":[{"embeddable":true,"href":"https:\/\/vinasfm.com\/noticias\/wp-json\/wp\/v2\/comments?post=152200"}],"version-history":[{"count":3,"href":"https:\/\/vinasfm.com\/noticias\/wp-json\/wp\/v2\/posts\/152200\/revisions"}],"predecessor-version":[{"id":152207,"href":"https:\/\/vinasfm.com\/noticias\/wp-json\/wp\/v2\/posts\/152200\/revisions\/152207"}],"wp:featuredmedia":[{"embeddable":true,"href":"https:\/\/vinasfm.com\/noticias\/wp-json\/wp\/v2\/media\/152202"}],"wp:attachment":[{"href":"https:\/\/vinasfm.com\/noticias\/wp-json\/wp\/v2\/media?parent=152200"}],"wp:term":[{"taxonomy":"category","embeddable":true,"href":"https:\/\/vinasfm.com\/noticias\/wp-json\/wp\/v2\/categories?post=152200"},{"taxonomy":"post_tag","embeddable":true,"href":"https:\/\/vinasfm.com\/noticias\/wp-json\/wp\/v2\/tags?post=152200"}],"curies":[{"name":"wp","href":"https:\/\/api.w.org\/{rel}","templated":true}]}}