{"id":152183,"date":"2025-08-23T10:18:02","date_gmt":"2025-08-23T13:18:02","guid":{"rendered":"https:\/\/vinasfm.com\/noticias\/?p=152183"},"modified":"2025-08-25T08:27:42","modified_gmt":"2025-08-25T11:27:42","slug":"dia-internacional-del-guanaco-mendoza-es-el-hogar-de-la-mayor-migracion-libre-del-planeta","status":"publish","type":"post","link":"https:\/\/vinasfm.com\/noticias\/dia-internacional-del-guanaco-mendoza-es-el-hogar-de-la-mayor-migracion-libre-del-planeta\/","title":{"rendered":"D\u00cdA INTERNACIONAL DEL GUANACO: MENDOZA ES EL HOGAR DE LA MAYOR MIGRACI\u00d3N LIBRE DEL PLANETA"},"content":{"rendered":"<h4><span style=\"color: #003300;\"><strong>Nuestra provincia es uno de los \u00fanicos lugares del mundo donde los guanacos pueden realizar libremente migraciones masivas de hasta 150 kil\u00f3metros entre sus zonas de veranada e invernada, sin interrupciones por alambrados ni barreras humanas. La ministra de Energ\u00eda y Ambiente, Jimena Latorre, destac\u00f3 el trabajo \u201cconstante\u201d de Mendoza por la preservaci\u00f3n de esta especie emblem\u00e1tica.<\/strong><\/span><\/h4>\n<p>Cada 23 de agosto se celebra el D\u00eda Internacional del Guanaco con el objetivo de generar conciencia sobre este cam\u00e9lido, un pilar para el ambiente andino, que necesita grandes h\u00e1bitats conectados para vivir, desplazarse y reproducirse.<\/p>\n<p>Para Mendoza, \u00e9sta es una fecha especial ya que es el lugar en el mundo con mayor desplazamiento migratorio en libertad de ese animal. Este fen\u00f3meno natural, de enorme magnitud, se da en el \u00c1rea Natural Protegida La Payunia, donde entre 25.000 y 40.000 guanacos recorren largas distancias sin barreras, ruta ni alambrados.<\/p>\n<p>Este proceso, que por primera vez logr\u00f3 ser captado, es clave para el ambiente andino porque contribuye al equilibrio de los pastizales, favorece la dispersi\u00f3n de semillas, regula la vegetaci\u00f3n y asegura alimento a depredadores y carro\u00f1eros, como el puma y el c\u00f3ndor andino.<\/p>\n<p><img decoding=\"async\" class=\"aligncenter\" src=\"https:\/\/www.mendoza.gov.ar\/wp-content\/uploads\/sites\/5\/2025\/08\/Imagen-de-WhatsApp-2025-08-22-a-las-13.40.22_d5e2483a-700x466.jpg\" \/><\/p>\n<p><strong><em>\u201cEl Gobierno viene realizando una tarea de conservaci\u00f3n controlando y penando la caza furtiva de guanacos. A este trabajo se sum\u00f3 la Wildlife Conservation Society (WCS) con la donaci\u00f3n de tierras al dominio p\u00fablico, lo que facilita el manejo y la gesti\u00f3n del \u00e1rea\u201d<\/em><\/strong>, afirm\u00f3 <em>la ministra de Energ\u00eda y Ambiente<\/em>, <span style=\"color: #003300;\"><strong><span style=\"color: #003366;\">Jimena Latorre<\/span>.<\/strong><\/span><\/p>\n<p><em><strong>\u201cEsto demuestra el trabajo articulado y el compromiso por la naturaleza de este lugar, por eso hoy podemos decir que celebramos tener una de las mayores migraciones de guanacos del mundo, porque estamos haciendo los deberes para su conservaci\u00f3n\u201d<\/strong><\/em>, agreg\u00f3.<\/p>\n<p><em><strong>\u201cEl fortalecimiento de las \u00e1reas protegidas, como La Payunia, es una de las estrategias indispensables para la conservaci\u00f3n de los guanacos. Pero tambi\u00e9n resulta necesario trabajar con las comunidades en zonas que no cuentan con esa categor\u00eda de protecci\u00f3n. En los campos linderos a La Payunia, por ejemplo, estamos investigando y desarrollando la implementaci\u00f3n de alambrados adaptados para no interrumpir los desplazamientos de guanacos. Lo hacemos en el marco de la promoci\u00f3n de un manejo regenerativo de la ganader\u00eda para favorecer la conservaci\u00f3n de pastizales y la coexistencia de la actividad con la fauna, uno de los elementos clave para favorecer la conectividad entre \u00e1reas protegidas en la estepa y el monte patag\u00f3nicos\u201d<\/strong><\/em>, se\u00f1al\u00f3 <span style=\"color: #003366;\"><strong>Fernando Mi\u00f1arro<\/strong><\/span>, <em>gerente de \u00c1reas Protegidas Terrestres de WCS Argentina<\/em><\/p>\n<h2><strong>Refugio \u00fanico en el planeta<\/strong><\/h2>\n<p>Ubicada en Malarg\u00fce, el \u00c1rea Natural Protegida La Payunia constituye un escenario excepcional para la vida silvestre. All\u00ed, los guanacos se desplazan libremente a trav\u00e9s de grandes distancias gracias a la amplitud del paisaje y a la ausencia de alambrados rurales.<\/p>\n<p>Este fen\u00f3meno fue documentado por investigadores de WCS Argentina y el Consejo Nacional de Investigaciones Cient\u00edficas y T\u00e9cnicas (Conicet), junto con crianceros locales, quienes entre 2006 y 2015 confirmaron la magnitud de este proceso migratorio, que puede extenderse hasta 150 kil\u00f3metros entre la veranada (el traslado del ganado hacia los campos m\u00e1s altos de la cordillera) y la invernada (cuando el ganado permanece durante el invierno en llanos, pampas o valles m\u00e1s accesibles).<\/p>\n<p>En los \u00faltimos a\u00f1os, el Ministerio de Energ\u00eda y Ambiente \u2500mediante un trabajo articulado entre la Subsecretar\u00eda de Ambiente, WCS Argentina y la Fundaci\u00f3n Vida Silvestre Argentina\u2500 logr\u00f3 extender las zonas en las que los guanacos pueden desplazarse libremente. Este esfuerzo permiti\u00f3 incorporar al dominio p\u00fablico provincial 82.000 hect\u00e1reas gracias a la compra de tierras y la recuperaci\u00f3n de derechos de pastaje, con el apoyo y la donaci\u00f3n de esas organizaciones.<\/p>\n<p>\u2022 En 2019 se incorporaron las primeras 42.000 hect\u00e1reas de uso y reproducci\u00f3n de verano.<br \/>\n\u2022 En 2025, la Provincia acept\u00f3 la donaci\u00f3n de otras 40.000 hect\u00e1reas utilizadas en invierno para asegurar la continuidad de la ruta migratoria.<\/p>\n<p>Este esfuerzo conjunto consolida a Mendoza como referente en la conservaci\u00f3n de las especies y los procesos ecol\u00f3gicos a\u00a0escala\u00a0global.<\/p>\n","protected":false},"excerpt":{"rendered":"<p>Nuestra provincia es uno de los \u00fanicos lugares del mundo donde los guanacos pueden realizar libremente migraciones masivas de hasta 150 &#8230;<\/p>\n","protected":false},"author":7,"featured_media":152184,"comment_status":"open","ping_status":"open","sticky":false,"template":"","format":"standard","meta":{"footnotes":""},"categories":[10,192],"tags":[],"class_list":["post-152183","post","type-post","status-publish","format-standard","has-post-thumbnail","hentry","category-destacadas","category-gestion-ambiental"],"_links":{"self":[{"href":"https:\/\/vinasfm.com\/noticias\/wp-json\/wp\/v2\/posts\/152183","targetHints":{"allow":["GET"]}}],"collection":[{"href":"https:\/\/vinasfm.com\/noticias\/wp-json\/wp\/v2\/posts"}],"about":[{"href":"https:\/\/vinasfm.com\/noticias\/wp-json\/wp\/v2\/types\/post"}],"author":[{"embeddable":true,"href":"https:\/\/vinasfm.com\/noticias\/wp-json\/wp\/v2\/users\/7"}],"replies":[{"embeddable":true,"href":"https:\/\/vinasfm.com\/noticias\/wp-json\/wp\/v2\/comments?post=152183"}],"version-history":[{"count":2,"href":"https:\/\/vinasfm.com\/noticias\/wp-json\/wp\/v2\/posts\/152183\/revisions"}],"predecessor-version":[{"id":152196,"href":"https:\/\/vinasfm.com\/noticias\/wp-json\/wp\/v2\/posts\/152183\/revisions\/152196"}],"wp:featuredmedia":[{"embeddable":true,"href":"https:\/\/vinasfm.com\/noticias\/wp-json\/wp\/v2\/media\/152184"}],"wp:attachment":[{"href":"https:\/\/vinasfm.com\/noticias\/wp-json\/wp\/v2\/media?parent=152183"}],"wp:term":[{"taxonomy":"category","embeddable":true,"href":"https:\/\/vinasfm.com\/noticias\/wp-json\/wp\/v2\/categories?post=152183"},{"taxonomy":"post_tag","embeddable":true,"href":"https:\/\/vinasfm.com\/noticias\/wp-json\/wp\/v2\/tags?post=152183"}],"curies":[{"name":"wp","href":"https:\/\/api.w.org\/{rel}","templated":true}]}}