{"id":152175,"date":"2025-08-22T10:59:26","date_gmt":"2025-08-22T13:59:26","guid":{"rendered":"https:\/\/vinasfm.com\/noticias\/?p=152175"},"modified":"2025-08-25T08:28:02","modified_gmt":"2025-08-25T11:28:02","slug":"taller-de-prevencion-sobre-grooming-y-bullying-en-el-instituto-san-antonio","status":"publish","type":"post","link":"https:\/\/vinasfm.com\/noticias\/taller-de-prevencion-sobre-grooming-y-bullying-en-el-instituto-san-antonio\/","title":{"rendered":"TALLER DE PREVENCI\u00d3N SOBRE GROOMING Y BULLYING EN EL INSTITUTO SAN ANTONIO"},"content":{"rendered":"<h4><span style=\"color: #003300;\"><strong>Desde la Direcci\u00f3n de Familias, se llev\u00f3 adelante un taller de prevenci\u00f3n destinado a alumnos de 7\u00ba a\u00f1o del Instituto San Antonio, con la presencia de docentes y directivos de la instituci\u00f3n.<\/strong><\/span><\/h4>\n<p>Durante la jornada se abordaron <strong>tem\u00e1ticas como grooming, bullying, violencia de g\u00e9nero y se brind\u00f3 informaci\u00f3n sobre el abogado del ni\u00f1o, en el marco de las pol\u00edticas municipales de promoci\u00f3n y protecci\u00f3n de derechos.<\/strong><\/p>\n<p>Las capacitaciones est\u00e1n a cargo de profesionales de Derechos Humanos, Abordaje al Var\u00f3n y Mujer y G\u00e9nero, y buscan ofrecer herramientas que resulten fundamentales para la prevenci\u00f3n y concientizaci\u00f3n en la comunidad educativa.<\/p>\n<p>Desde el \u00e1rea municipal destacaron <strong>adem\u00e1s el compromiso de continuar realizando este tipo de actividades en distintas instituciones, incluyendo un relevamiento con visitas a las escuelas para conocer las necesidades espec\u00edficas de cada comunidad educativa.<\/strong><\/p>\n","protected":false},"excerpt":{"rendered":"<p>Desde la Direcci\u00f3n de Familias, se llev\u00f3 adelante un taller de prevenci\u00f3n destinado a alumnos de 7\u00ba a\u00f1o del Instituto San &#8230;<\/p>\n","protected":false},"author":7,"featured_media":152176,"comment_status":"open","ping_status":"open","sticky":false,"template":"","format":"standard","meta":{"footnotes":""},"categories":[18,11],"tags":[],"class_list":["post-152175","post","type-post","status-publish","format-standard","has-post-thumbnail","hentry","category-educacion","category-sociales"],"_links":{"self":[{"href":"https:\/\/vinasfm.com\/noticias\/wp-json\/wp\/v2\/posts\/152175","targetHints":{"allow":["GET"]}}],"collection":[{"href":"https:\/\/vinasfm.com\/noticias\/wp-json\/wp\/v2\/posts"}],"about":[{"href":"https:\/\/vinasfm.com\/noticias\/wp-json\/wp\/v2\/types\/post"}],"author":[{"embeddable":true,"href":"https:\/\/vinasfm.com\/noticias\/wp-json\/wp\/v2\/users\/7"}],"replies":[{"embeddable":true,"href":"https:\/\/vinasfm.com\/noticias\/wp-json\/wp\/v2\/comments?post=152175"}],"version-history":[{"count":1,"href":"https:\/\/vinasfm.com\/noticias\/wp-json\/wp\/v2\/posts\/152175\/revisions"}],"predecessor-version":[{"id":152177,"href":"https:\/\/vinasfm.com\/noticias\/wp-json\/wp\/v2\/posts\/152175\/revisions\/152177"}],"wp:featuredmedia":[{"embeddable":true,"href":"https:\/\/vinasfm.com\/noticias\/wp-json\/wp\/v2\/media\/152176"}],"wp:attachment":[{"href":"https:\/\/vinasfm.com\/noticias\/wp-json\/wp\/v2\/media?parent=152175"}],"wp:term":[{"taxonomy":"category","embeddable":true,"href":"https:\/\/vinasfm.com\/noticias\/wp-json\/wp\/v2\/categories?post=152175"},{"taxonomy":"post_tag","embeddable":true,"href":"https:\/\/vinasfm.com\/noticias\/wp-json\/wp\/v2\/tags?post=152175"}],"curies":[{"name":"wp","href":"https:\/\/api.w.org\/{rel}","templated":true}]}}