{"id":152161,"date":"2025-08-22T10:30:06","date_gmt":"2025-08-22T13:30:06","guid":{"rendered":"https:\/\/vinasfm.com\/noticias\/?p=152161"},"modified":"2025-08-23T11:01:57","modified_gmt":"2025-08-23T14:01:57","slug":"el-dia-del-nino-llego-a-canalejas-con-juegos-musica-y-sonrisas","status":"publish","type":"post","link":"https:\/\/vinasfm.com\/noticias\/el-dia-del-nino-llego-a-canalejas-con-juegos-musica-y-sonrisas\/","title":{"rendered":"EL D\u00cdA DEL NI\u00d1O LLEG\u00d3 A CANALEJAS CON JUEGOS, M\u00daSICA Y SONRISAS"},"content":{"rendered":"<h4><strong>En el marco de los festejos por el D\u00eda del Ni\u00f1o, se llev\u00f3 adelante una jornada especial en la Escuela de Canalejas, con actividades recreativas, juegos, m\u00fasica y regalos para los m\u00e1s peque\u00f1os.<\/strong><\/h4>\n<p>La propuesta forma parte del cronograma organizado que recorre barrios, distritos y parajes del departamento con el objetivo de acercar la celebraci\u00f3n a cada rinc\u00f3n de Alvear.<\/p>\n<p>Gabriela Arzel\u00e1n, directora de Familias, destac\u00f3 el alcance de la iniciativa: <em><strong>\u201cla idea es que cada ni\u00f1o, viva donde viva, tenga su festejo. Nos llena de alegr\u00eda compartir con ellos un momento de uni\u00f3n y entusiasmo\u201d<\/strong><\/em>.<\/p>\n<p>La celebraci\u00f3n en Canalejas reuni\u00f3 a alumnos, docentes y vecinos, que disfrutaron de una jornada diferente en la escuela albergue. El director de la instituci\u00f3n, Jorge Merino, valor\u00f3 la visita:<em><strong> \u201ccualquier actividad que llega a nuestra escuela es muy importante, y los chicos se van felices y agradecidos\u201d<\/strong><\/em>.<\/p>\n<p>Actualmente, la Escuela de Canalejas alberga a 23 estudiantes, 14 de ellos en r\u00e9gimen de internado escolar, lo que refuerza la importancia de este tipo de encuentros que brindan contenci\u00f3n, recreaci\u00f3n y oportunidades de aprendizaje en un entorno diferente al cotidiano.<\/p>\n<p>El cronograma de festejos contin\u00faa en La Mora y luego en los distintos distritos, para que cada ni\u00f1o alvearense pueda celebrar su d\u00eda.<\/p>\n","protected":false},"excerpt":{"rendered":"<p>En el marco de los festejos por el D\u00eda del Ni\u00f1o, se llev\u00f3 adelante una jornada especial en la Escuela de &#8230;<\/p>\n","protected":false},"author":7,"featured_media":152164,"comment_status":"open","ping_status":"open","sticky":false,"template":"","format":"standard","meta":{"footnotes":""},"categories":[5,11],"tags":[],"class_list":["post-152161","post","type-post","status-publish","format-standard","has-post-thumbnail","hentry","category-actualidad","category-sociales"],"_links":{"self":[{"href":"https:\/\/vinasfm.com\/noticias\/wp-json\/wp\/v2\/posts\/152161","targetHints":{"allow":["GET"]}}],"collection":[{"href":"https:\/\/vinasfm.com\/noticias\/wp-json\/wp\/v2\/posts"}],"about":[{"href":"https:\/\/vinasfm.com\/noticias\/wp-json\/wp\/v2\/types\/post"}],"author":[{"embeddable":true,"href":"https:\/\/vinasfm.com\/noticias\/wp-json\/wp\/v2\/users\/7"}],"replies":[{"embeddable":true,"href":"https:\/\/vinasfm.com\/noticias\/wp-json\/wp\/v2\/comments?post=152161"}],"version-history":[{"count":1,"href":"https:\/\/vinasfm.com\/noticias\/wp-json\/wp\/v2\/posts\/152161\/revisions"}],"predecessor-version":[{"id":152169,"href":"https:\/\/vinasfm.com\/noticias\/wp-json\/wp\/v2\/posts\/152161\/revisions\/152169"}],"wp:featuredmedia":[{"embeddable":true,"href":"https:\/\/vinasfm.com\/noticias\/wp-json\/wp\/v2\/media\/152164"}],"wp:attachment":[{"href":"https:\/\/vinasfm.com\/noticias\/wp-json\/wp\/v2\/media?parent=152161"}],"wp:term":[{"taxonomy":"category","embeddable":true,"href":"https:\/\/vinasfm.com\/noticias\/wp-json\/wp\/v2\/categories?post=152161"},{"taxonomy":"post_tag","embeddable":true,"href":"https:\/\/vinasfm.com\/noticias\/wp-json\/wp\/v2\/tags?post=152161"}],"curies":[{"name":"wp","href":"https:\/\/api.w.org\/{rel}","templated":true}]}}