{"id":152158,"date":"2025-08-22T10:26:10","date_gmt":"2025-08-22T13:26:10","guid":{"rendered":"https:\/\/vinasfm.com\/noticias\/?p=152158"},"modified":"2025-08-23T10:42:33","modified_gmt":"2025-08-23T13:42:33","slug":"el-municipio-instalo-nuevas-luminarias-led-en-el-barrio-el-inmigrante","status":"publish","type":"post","link":"https:\/\/vinasfm.com\/noticias\/el-municipio-instalo-nuevas-luminarias-led-en-el-barrio-el-inmigrante\/","title":{"rendered":"EL MUNICIPIO INSTAL\u00d3 NUEVAS LUMINARIAS LED EN EL BARRIO EL INMIGRANTE"},"content":{"rendered":"<p><strong><span style=\"color: #003300;\">La Municipalidad de General Alvear avanza con un plan integral de mejoramiento urbano, en el d\u00eda de ayer jueves se llev\u00f3 a cabo en el Barrio El Inmigrante, la instalaci\u00f3n de nuevas luminarias LED y tareas de poda en el arbolado p\u00fablico.<\/span><\/strong><\/p>\n<p>En esta primera etapa se colocaron 20 luminarias, que permitir\u00e1n optimizar la iluminaci\u00f3n de las calles y brindar mayor seguridad a los vecinos. <strong>Esta obra responde a un pedido de la comunidad y forma parte de las acciones que impulsa el municipio para mejorar la calidad de vida en los distintos barrios del departamento.<\/strong><\/p>\n<p>Adem\u00e1s de la instalaci\u00f3n del alumbrado, se ejecutan trabajos de poda correctiva y mantenimiento del arbolado, favoreciendo tanto la seguridad como el cuidado del entorno urbano. Tambi\u00e9n se proyectan futuros trabajos de mejoramiento en calles y espacios comunes.<\/p>\n<p>El <em>secretario de Obras y Servicios P\u00fablicos<\/em>, <span style=\"color: #003366;\"><strong>Emiliano Barbero<\/strong><\/span>, se\u00f1al\u00f3 que<strong><em> \u201cestas intervenciones no solo mejoran la seguridad, sino tambi\u00e9n la calidad de vida de los vecinos, cumpliendo con reclamos que eran muy necesarios\u201d.<\/em><\/strong><\/p>\n<p>Por su parte, Mirta una vecina del barrio expres\u00f3 su satisfacci\u00f3n: <em><strong>\u201cestamos muy contentos porque despu\u00e9s de mucho tiempo vemos respuestas concretas a nuestros pedidos\u201d.<\/strong><\/em><\/p>\n<p>La puesta en funcionamiento de estas luminarias LED representa un espacio m\u00e1s seguro y sustentable para las familias del barrio.<\/p>\n","protected":false},"excerpt":{"rendered":"<p>La Municipalidad de General Alvear avanza con un plan integral de mejoramiento urbano, en el d\u00eda de ayer jueves se llev\u00f3 &#8230;<\/p>\n","protected":false},"author":7,"featured_media":152157,"comment_status":"open","ping_status":"open","sticky":false,"template":"","format":"standard","meta":{"footnotes":""},"categories":[78,29],"tags":[],"class_list":["post-152158","post","type-post","status-publish","format-standard","has-post-thumbnail","hentry","category-municipalidad","category-obras-y-servicios"],"_links":{"self":[{"href":"https:\/\/vinasfm.com\/noticias\/wp-json\/wp\/v2\/posts\/152158","targetHints":{"allow":["GET"]}}],"collection":[{"href":"https:\/\/vinasfm.com\/noticias\/wp-json\/wp\/v2\/posts"}],"about":[{"href":"https:\/\/vinasfm.com\/noticias\/wp-json\/wp\/v2\/types\/post"}],"author":[{"embeddable":true,"href":"https:\/\/vinasfm.com\/noticias\/wp-json\/wp\/v2\/users\/7"}],"replies":[{"embeddable":true,"href":"https:\/\/vinasfm.com\/noticias\/wp-json\/wp\/v2\/comments?post=152158"}],"version-history":[{"count":2,"href":"https:\/\/vinasfm.com\/noticias\/wp-json\/wp\/v2\/posts\/152158\/revisions"}],"predecessor-version":[{"id":152160,"href":"https:\/\/vinasfm.com\/noticias\/wp-json\/wp\/v2\/posts\/152158\/revisions\/152160"}],"wp:featuredmedia":[{"embeddable":true,"href":"https:\/\/vinasfm.com\/noticias\/wp-json\/wp\/v2\/media\/152157"}],"wp:attachment":[{"href":"https:\/\/vinasfm.com\/noticias\/wp-json\/wp\/v2\/media?parent=152158"}],"wp:term":[{"taxonomy":"category","embeddable":true,"href":"https:\/\/vinasfm.com\/noticias\/wp-json\/wp\/v2\/categories?post=152158"},{"taxonomy":"post_tag","embeddable":true,"href":"https:\/\/vinasfm.com\/noticias\/wp-json\/wp\/v2\/tags?post=152158"}],"curies":[{"name":"wp","href":"https:\/\/api.w.org\/{rel}","templated":true}]}}