{"id":152149,"date":"2025-08-22T09:56:53","date_gmt":"2025-08-22T12:56:53","guid":{"rendered":"https:\/\/vinasfm.com\/noticias\/?p=152149"},"modified":"2025-08-23T10:42:54","modified_gmt":"2025-08-23T13:42:54","slug":"hablemos-de-trata-charla-de-sensibilizacion-y-prevencion-en-el-colegio-san-martin","status":"publish","type":"post","link":"https:\/\/vinasfm.com\/noticias\/hablemos-de-trata-charla-de-sensibilizacion-y-prevencion-en-el-colegio-san-martin\/","title":{"rendered":"HABLEMOS DE TRATA: CHARLA DE SENSIBILIZACI\u00d3N Y PREVENCI\u00d3N EN EL COLEGIO SAN MART\u00cdN"},"content":{"rendered":"<h4><span style=\"color: #003300;\"><strong>En el marco del D\u00eda Mundial contra la Trata de Personas, que se conmemor\u00f3 el pasado 30 de julio, se llev\u00f3 a cabo ayer por la ma\u00f1ana una charla de sensibilizaci\u00f3n y prevenci\u00f3n en el Colegio Jos\u00e9 de San Mart\u00edn, destinada a estudiantes de quinto a\u00f1o.<\/strong><\/span><\/h4>\n<p>La actividad fue organizada por la <strong>Coordinaci\u00f3n de Derechos Humanos y Equidad de la Municipalidad<\/strong> de General Alvear, junto al equipo t\u00e9cnico de Asistencia a V\u00edctimas de Trata de Mendoza, con el objetivo de informar y concientizar a los j\u00f3venes sobre esta problem\u00e1tica.<\/p>\n<p>La charla fue dictada por profesionales de la <strong>Direcci\u00f3n de la Provincia<\/strong>, las<em> Licenciadas en Trabajo Social:<\/em> <strong><span style=\"color: #003366;\">Fernanda Dutra<\/span><\/strong> y <span style=\"color: #003366;\"><strong>Sonia Fioquetta<\/strong><\/span>.<\/p>\n<p>Desde la Coordinaci\u00f3n local, Florencia Merlo, destac\u00f3: <strong><em>\u201choy finalizamos un ciclo de capacitaciones en distintas escuelas del departamento, y quisimos cerrar en el Colegio San Mart\u00edn trabajando con los alumnos de quinto a\u00f1o\u201d.<\/em><\/strong><\/p>\n<p><a href=\"https:\/\/vinasfm.com\/noticias\/wp-content\/uploads\/2025\/08\/IMG-20250822-WA0032.jpg\"><img loading=\"lazy\" decoding=\"async\" class=\"alignnone wp-image-152150\" src=\"https:\/\/vinasfm.com\/noticias\/wp-content\/uploads\/2025\/08\/IMG-20250822-WA0032-1024x575.jpg\" alt=\"\" width=\"360\" height=\"202\" srcset=\"https:\/\/vinasfm.com\/noticias\/wp-content\/uploads\/2025\/08\/IMG-20250822-WA0032-1024x575.jpg 1024w, https:\/\/vinasfm.com\/noticias\/wp-content\/uploads\/2025\/08\/IMG-20250822-WA0032-300x168.jpg 300w, https:\/\/vinasfm.com\/noticias\/wp-content\/uploads\/2025\/08\/IMG-20250822-WA0032-768x431.jpg 768w, https:\/\/vinasfm.com\/noticias\/wp-content\/uploads\/2025\/08\/IMG-20250822-WA0032-1536x862.jpg 1536w, https:\/\/vinasfm.com\/noticias\/wp-content\/uploads\/2025\/08\/IMG-20250822-WA0032-750x420.jpg 750w, https:\/\/vinasfm.com\/noticias\/wp-content\/uploads\/2025\/08\/IMG-20250822-WA0032-1140x641.jpg 1140w, https:\/\/vinasfm.com\/noticias\/wp-content\/uploads\/2025\/08\/IMG-20250822-WA0032.jpg 1600w\" sizes=\"auto, (max-width: 360px) 100vw, 360px\" \/><\/a><a href=\"https:\/\/vinasfm.com\/noticias\/wp-content\/uploads\/2025\/08\/IMG-20250822-WA0030.jpg\"> <img loading=\"lazy\" decoding=\"async\" class=\"alignnone wp-image-152151\" src=\"https:\/\/vinasfm.com\/noticias\/wp-content\/uploads\/2025\/08\/IMG-20250822-WA0030-1024x575.jpg\" alt=\"\" width=\"360\" height=\"202\" srcset=\"https:\/\/vinasfm.com\/noticias\/wp-content\/uploads\/2025\/08\/IMG-20250822-WA0030-1024x575.jpg 1024w, https:\/\/vinasfm.com\/noticias\/wp-content\/uploads\/2025\/08\/IMG-20250822-WA0030-300x168.jpg 300w, https:\/\/vinasfm.com\/noticias\/wp-content\/uploads\/2025\/08\/IMG-20250822-WA0030-768x431.jpg 768w, https:\/\/vinasfm.com\/noticias\/wp-content\/uploads\/2025\/08\/IMG-20250822-WA0030-1536x862.jpg 1536w, https:\/\/vinasfm.com\/noticias\/wp-content\/uploads\/2025\/08\/IMG-20250822-WA0030-750x420.jpg 750w, https:\/\/vinasfm.com\/noticias\/wp-content\/uploads\/2025\/08\/IMG-20250822-WA0030-1140x641.jpg 1140w, https:\/\/vinasfm.com\/noticias\/wp-content\/uploads\/2025\/08\/IMG-20250822-WA0030.jpg 1600w\" sizes=\"auto, (max-width: 360px) 100vw, 360px\" \/><\/a><\/p>\n<p>Por su parte, Sonia Fioquetta, disertante , subray\u00f3 la importancia de estas instancias de formaci\u00f3n:<em><strong> \u201cla idea es sensibilizar, promocionar la l\u00ednea 145 y trabajar con adolescentes y j\u00f3venes sobre una tem\u00e1tica que nos afecta a todos\u201d.<\/strong><\/em><\/p>\n<p>Asimismo, remarc\u00f3 que en lo que va del a\u00f1o se registraron en Mendoza 60 casos de explotaci\u00f3n laboral y 9 vinculados a explotaci\u00f3n sexual, por lo que la prevenci\u00f3n resulta fundamental: <em><strong>\u201cpoder actuar de manera preventiva es la clave\u201d<\/strong><\/em>, afirm\u00f3.<\/p>\n<p>Finalmente, Fioquetta agradeci\u00f3 la convocatoria y el acompa\u00f1amiento institucional: <em><strong>\u201csiempre tenemos la oportunidad de visitar Alvear y nos parece importante el trabajo mancomunado con las instituciones locales\u201d.<\/strong><\/em><\/p>\n<p>La l\u00ednea 145 funciona de manera gratuita, an\u00f3nima y disponible las 24 horas para denuncias y asistencia vinculada a casos de trata y explotaci\u00f3n de personas.<\/p>\n","protected":false},"excerpt":{"rendered":"<p>En el marco del D\u00eda Mundial contra la Trata de Personas, que se conmemor\u00f3 el pasado 30 de julio, se llev\u00f3 &#8230;<\/p>\n","protected":false},"author":7,"featured_media":152152,"comment_status":"open","ping_status":"open","sticky":false,"template":"","format":"standard","meta":{"footnotes":""},"categories":[33,11],"tags":[],"class_list":["post-152149","post","type-post","status-publish","format-standard","has-post-thumbnail","hentry","category-seguridad","category-sociales"],"_links":{"self":[{"href":"https:\/\/vinasfm.com\/noticias\/wp-json\/wp\/v2\/posts\/152149","targetHints":{"allow":["GET"]}}],"collection":[{"href":"https:\/\/vinasfm.com\/noticias\/wp-json\/wp\/v2\/posts"}],"about":[{"href":"https:\/\/vinasfm.com\/noticias\/wp-json\/wp\/v2\/types\/post"}],"author":[{"embeddable":true,"href":"https:\/\/vinasfm.com\/noticias\/wp-json\/wp\/v2\/users\/7"}],"replies":[{"embeddable":true,"href":"https:\/\/vinasfm.com\/noticias\/wp-json\/wp\/v2\/comments?post=152149"}],"version-history":[{"count":2,"href":"https:\/\/vinasfm.com\/noticias\/wp-json\/wp\/v2\/posts\/152149\/revisions"}],"predecessor-version":[{"id":152154,"href":"https:\/\/vinasfm.com\/noticias\/wp-json\/wp\/v2\/posts\/152149\/revisions\/152154"}],"wp:featuredmedia":[{"embeddable":true,"href":"https:\/\/vinasfm.com\/noticias\/wp-json\/wp\/v2\/media\/152152"}],"wp:attachment":[{"href":"https:\/\/vinasfm.com\/noticias\/wp-json\/wp\/v2\/media?parent=152149"}],"wp:term":[{"taxonomy":"category","embeddable":true,"href":"https:\/\/vinasfm.com\/noticias\/wp-json\/wp\/v2\/categories?post=152149"},{"taxonomy":"post_tag","embeddable":true,"href":"https:\/\/vinasfm.com\/noticias\/wp-json\/wp\/v2\/tags?post=152149"}],"curies":[{"name":"wp","href":"https:\/\/api.w.org\/{rel}","templated":true}]}}