{"id":152142,"date":"2025-08-22T08:53:16","date_gmt":"2025-08-22T11:53:16","guid":{"rendered":"https:\/\/vinasfm.com\/noticias\/?p=152142"},"modified":"2025-08-23T10:44:39","modified_gmt":"2025-08-23T13:44:39","slug":"general-alvear-avanzara-en-la-erradicacion-de-vehiculos-abandonados-en-espacios-publicos","status":"publish","type":"post","link":"https:\/\/vinasfm.com\/noticias\/general-alvear-avanzara-en-la-erradicacion-de-vehiculos-abandonados-en-espacios-publicos\/","title":{"rendered":"GENERAL ALVEAR AVANZAR\u00c1 EN LA ERRADICACI\u00d3N DE VEH\u00cdCULOS ABANDONADOS EN ESPACIOS P\u00daBLICOS"},"content":{"rendered":"<h4><strong><span style=\"color: #003300;\">El Concejo Deliberante de General Alvear sancion\u00f3 recientemente la ordenanza municipal\u00a0que autoriza al municipio a intervenir en casos de autos abandonados en la v\u00eda p\u00fablica, una problem\u00e1tica que afecta la seguridad, el tr\u00e1nsito y la salud urbana.<\/span><\/strong><\/h4>\n<p>La normativa, que ya fue oficializada mediante el decreto municipal 419 firmado por el intendente <span style=\"color: #003366;\">Alejandro Molero<\/span>, <strong>se enmarca en el art\u00edculo 92 de la Ley Org\u00e1nica de Municipalidades<\/strong>, y busca dotar al municipio de herramientas para remover estos veh\u00edculos deteriorados que acumulan chatarra en las calles.<\/p>\n<h3>\u201cUna herramienta importante para despejar las calles\u201d<\/h3>\n<p>En di\u00e1logo con <span style=\"color: #993366;\"><strong>FM VI\u00d1AS<\/strong><\/span>, el concejal <span style=\"color: #003366;\"><strong>N\u00e9stor Ortega<\/strong><\/span> destac\u00f3 el proyecto que ya viene trabajando hace tiempo. <em><strong>\u00abDesde hace tiempo hemos estado trabajando con un proyecto de ordenanza para erradicar los veh\u00edculos en desuso de la v\u00eda p\u00fablica, ya que generan malestar no solamente los vecinos, sino que tambi\u00e9n inseguridad\u00bb.<\/strong><\/em><\/p>\n<p>Ortega explic\u00f3 que<strong> la ley provincial 9.024 contempla la remoci\u00f3n de un veh\u00edculo a partir del tercer d\u00eda de abandono<\/strong> por parte de la polic\u00eda provincial. Sin embargo, municipios como San Mart\u00edn, Luj\u00e1n o Guaymall\u00e9n<strong> han adherido mediante ordenanzas propias para que tambi\u00e9n las fuerzas municipales puedan intervenir.<\/strong><\/p>\n<p>Agreg\u00f3 que el Concejo le otorg\u00f3 al municipio la potestad para reglamentar un <strong>protocolo de actuaci\u00f3n<\/strong>, el cual definir\u00e1 las acciones, responsabilidades y costos asociados a la remoci\u00f3n, incluyendo el traslado y destino de los veh\u00edculos: <em><strong>\u201cSe generar\u00e1 tambi\u00e9n la manera de cu\u00e1nto saldr\u00e1 tambi\u00e9n el costo de traslado de estos veh\u00edculos. Tambi\u00e9n habr\u00e1 una parte voluntaria, que si alg\u00fan due\u00f1o de alg\u00fan veh\u00edculo en desuso lo tiene en l calle, pueda entragarlo a las autoridades\u201d<\/strong><\/em>, explic\u00f3 el edil.<\/p>\n<p>Ortega enfatiz\u00f3 que el objetivo no es demoler sin avisar, sino actuar con prudencia y orden: <strong><em>\u00abEsto no es cuesti\u00f3n de llegar y llevarse el auto. Lo que generamos en la ordenanza es que haya un orden y que haya un aplazamiento, de que sean 10 d\u00edas, 15 d\u00edas y que diga el por qu\u00e9 est\u00e1 el veh\u00edculo ah\u00ed y si est\u00e1 en estado de desuso o no\u00bb.<\/em><\/strong><\/p>\n<p>Contemplando situaciones particulares (por ejemplo, veh\u00edculos que solo permanecen temporalmente mientras se reparan), el edil remarc\u00f3 la necesidad de tomar cada caso con criterio.<\/p>\n<p>Finalmente, se refiri\u00f3 al destino propuesto para estos rodados: <em><strong>\u00abLa intenci\u00f3n justamente es que valgan a chatarra y que se pueda reciclar, buscamos un retorno en el municipio en cuanto a ingresos y econom\u00eda circular\u00bb.<\/strong><\/em><\/p>\n<h3>Un paso hacia la recuperaci\u00f3n urbana<\/h3>\n<p>Esta ordenanza brinda al municipio un marco legal y operativo para actuar en situaciones que afectan la calidad de vida urbana: desde ordenar el espacio p\u00fablico hasta promover el reciclaje y recuperar ingresos mediante la <strong>econom\u00eda circular<\/strong>, pasando por asegurar la <strong>seguridad<\/strong> y la <strong>salud p\u00fablica<\/strong>.<\/p>\n<p>Con este avance, General Alvear se suma al grupo de municipios provinciales que ya est\u00e1n activamente gestionando la limpieza y recuperaci\u00f3n del espacio urbano frente a los autos abandonados.<\/p>\n","protected":false},"excerpt":{"rendered":"<p>El Concejo Deliberante de General Alvear sancion\u00f3 recientemente la ordenanza municipal\u00a0que autoriza al municipio a intervenir en casos de autos abandonados &#8230;<\/p>\n","protected":false},"author":7,"featured_media":152084,"comment_status":"open","ping_status":"open","sticky":false,"template":"","format":"standard","meta":{"footnotes":""},"categories":[5,10],"tags":[],"class_list":["post-152142","post","type-post","status-publish","format-standard","has-post-thumbnail","hentry","category-actualidad","category-destacadas"],"_links":{"self":[{"href":"https:\/\/vinasfm.com\/noticias\/wp-json\/wp\/v2\/posts\/152142","targetHints":{"allow":["GET"]}}],"collection":[{"href":"https:\/\/vinasfm.com\/noticias\/wp-json\/wp\/v2\/posts"}],"about":[{"href":"https:\/\/vinasfm.com\/noticias\/wp-json\/wp\/v2\/types\/post"}],"author":[{"embeddable":true,"href":"https:\/\/vinasfm.com\/noticias\/wp-json\/wp\/v2\/users\/7"}],"replies":[{"embeddable":true,"href":"https:\/\/vinasfm.com\/noticias\/wp-json\/wp\/v2\/comments?post=152142"}],"version-history":[{"count":2,"href":"https:\/\/vinasfm.com\/noticias\/wp-json\/wp\/v2\/posts\/152142\/revisions"}],"predecessor-version":[{"id":152144,"href":"https:\/\/vinasfm.com\/noticias\/wp-json\/wp\/v2\/posts\/152142\/revisions\/152144"}],"wp:featuredmedia":[{"embeddable":true,"href":"https:\/\/vinasfm.com\/noticias\/wp-json\/wp\/v2\/media\/152084"}],"wp:attachment":[{"href":"https:\/\/vinasfm.com\/noticias\/wp-json\/wp\/v2\/media?parent=152142"}],"wp:term":[{"taxonomy":"category","embeddable":true,"href":"https:\/\/vinasfm.com\/noticias\/wp-json\/wp\/v2\/categories?post=152142"},{"taxonomy":"post_tag","embeddable":true,"href":"https:\/\/vinasfm.com\/noticias\/wp-json\/wp\/v2\/tags?post=152142"}],"curies":[{"name":"wp","href":"https:\/\/api.w.org\/{rel}","templated":true}]}}