{"id":152134,"date":"2025-08-21T11:01:12","date_gmt":"2025-08-21T14:01:12","guid":{"rendered":"https:\/\/vinasfm.com\/noticias\/?p=152134"},"modified":"2025-08-23T10:45:20","modified_gmt":"2025-08-23T13:45:20","slug":"gran-cierre-del-concurso-literario-jarilla-y-salitre-en-general-alvear","status":"publish","type":"post","link":"https:\/\/vinasfm.com\/noticias\/gran-cierre-del-concurso-literario-jarilla-y-salitre-en-general-alvear\/","title":{"rendered":"GRAN CIERRE DEL CONCURSO LITERARIO JARILLA Y SALITRE EN GENERAL ALVEAR"},"content":{"rendered":"<h4><strong><span style=\"color: #003300;\">La Sociedad Alvearense de Escritores (SADE) prepara el cierre del certamen literario \u201cJarilla y Salitre\u201d, que se enmarca en el D\u00eda del Escritor y re\u00fane a autores locales y de otras provincias. El evento se realizar\u00e1 este domingo a las 16:00 horas en el Cine Teatro Antonio Lafalla de General Alvear.<\/span><\/strong><\/h4>\n<p>En di\u00e1logo con <span style=\"color: #993366;\"><strong>FM VI\u00d1AS<\/strong><\/span>, <span style=\"color: #003366;\"><strong>Alicia M\u00e1rquez<\/strong><\/span>, integrante de SADE, expres\u00f3: <strong><em>\u201cHemos recibido m\u00e1s de 80 trabajos de ni\u00f1os y estudiantes, adem\u00e1s de obras llegadas desde San Rafael, Mendoza, Buenos Aires, C\u00f3rdoba y La Pampa. Ha sido incre\u00edble la calidad de los textos y muy dif\u00edcil definir los primeros puestos\u201d<\/em>.<\/strong><\/p>\n<p>Por su parte,<span style=\"color: #003366;\"> <strong>Bautista Videla<\/strong><\/span>, tambi\u00e9n miembro de SADE, destac\u00f3 que la jornada ofrecer\u00e1 un amplio despliegue cultural: <strong><em>\u201cEl domingo, adem\u00e1s de la premiaci\u00f3n, tendremos la presentaci\u00f3n de un escritor mendocino que llega con su nuevo libro, la participaci\u00f3n de artistas invitados y una programaci\u00f3n que comenzar\u00e1 puntual a las 16. Estar\u00e1 muy lindo, lo venimos preparando con mucho entusiasmo\u201d<\/em>.<\/strong><\/p>\n<p>El concurso, que a\u00f1o tras a\u00f1o busca fomentar la escritura y la participaci\u00f3n de j\u00f3venes y adultos, se consolida como un espacio de encuentro entre generaciones y regiones.<\/p>\n","protected":false},"excerpt":{"rendered":"<p>La Sociedad Alvearense de Escritores (SADE) prepara el cierre del certamen literario \u201cJarilla y Salitre\u201d, que se enmarca en el D\u00eda &#8230;<\/p>\n","protected":false},"author":7,"featured_media":152135,"comment_status":"open","ping_status":"open","sticky":false,"template":"","format":"standard","meta":{"footnotes":""},"categories":[19,11],"tags":[],"class_list":["post-152134","post","type-post","status-publish","format-standard","has-post-thumbnail","hentry","category-cultura","category-sociales"],"_links":{"self":[{"href":"https:\/\/vinasfm.com\/noticias\/wp-json\/wp\/v2\/posts\/152134","targetHints":{"allow":["GET"]}}],"collection":[{"href":"https:\/\/vinasfm.com\/noticias\/wp-json\/wp\/v2\/posts"}],"about":[{"href":"https:\/\/vinasfm.com\/noticias\/wp-json\/wp\/v2\/types\/post"}],"author":[{"embeddable":true,"href":"https:\/\/vinasfm.com\/noticias\/wp-json\/wp\/v2\/users\/7"}],"replies":[{"embeddable":true,"href":"https:\/\/vinasfm.com\/noticias\/wp-json\/wp\/v2\/comments?post=152134"}],"version-history":[{"count":1,"href":"https:\/\/vinasfm.com\/noticias\/wp-json\/wp\/v2\/posts\/152134\/revisions"}],"predecessor-version":[{"id":152136,"href":"https:\/\/vinasfm.com\/noticias\/wp-json\/wp\/v2\/posts\/152134\/revisions\/152136"}],"wp:featuredmedia":[{"embeddable":true,"href":"https:\/\/vinasfm.com\/noticias\/wp-json\/wp\/v2\/media\/152135"}],"wp:attachment":[{"href":"https:\/\/vinasfm.com\/noticias\/wp-json\/wp\/v2\/media?parent=152134"}],"wp:term":[{"taxonomy":"category","embeddable":true,"href":"https:\/\/vinasfm.com\/noticias\/wp-json\/wp\/v2\/categories?post=152134"},{"taxonomy":"post_tag","embeddable":true,"href":"https:\/\/vinasfm.com\/noticias\/wp-json\/wp\/v2\/tags?post=152134"}],"curies":[{"name":"wp","href":"https:\/\/api.w.org\/{rel}","templated":true}]}}