{"id":152125,"date":"2025-08-21T10:02:49","date_gmt":"2025-08-21T13:02:49","guid":{"rendered":"https:\/\/vinasfm.com\/noticias\/?p=152125"},"modified":"2025-08-22T10:27:27","modified_gmt":"2025-08-22T13:27:27","slug":"cochico-celebro-el-dia-del-nino-con-un-emotivo-encuentro-comunitario-en-la-escuela-wolf-schcolnik","status":"publish","type":"post","link":"https:\/\/vinasfm.com\/noticias\/cochico-celebro-el-dia-del-nino-con-un-emotivo-encuentro-comunitario-en-la-escuela-wolf-schcolnik\/","title":{"rendered":"COCHICO CELEBR\u00d3 EL D\u00cdA DEL NI\u00d1O CON UN EMOTIVO ENCUENTRO COMUNITARIO EN LA ESCUELA WOLF SCHCOLNIK"},"content":{"rendered":"<h4><span style=\"color: #003300;\"><strong>En una jornada marcada por la alegr\u00eda, el compromiso comunitario y el juego, la Escuela Wolf Schoclnik del paraje Cochico fue el escenario del festejo del D\u00eda del Ni\u00f1o, organizado por la Municipalidad de General Alvear. Participaron del evento la delegada de Carmensa, Norma Granados; la subdirectora de Parajes, Cecilia Seniuk; y miembros del centro de salud local, quienes compartieron con estudiantes y docentes un d\u00eda lleno de actividades y emociones.<\/strong><\/span><\/h4>\n<p>La <em>directora de la instituci\u00f3n<\/em>, <span style=\"color: #003300;\"><strong>Raquel Vega<\/strong><\/span>, explic\u00f3 la importancia que tuvo la celebraci\u00f3n para la comunidad educativa: \u201cestamos situados a cien kil\u00f3metros de la ciudad de General Alvear, en una zona rural. Por eso, es muy valiosa la presencia de las autoridades y del equipo de salud. Hemos tenido un d\u00eda divino, gracias a Dios tambi\u00e9n por el buen tiempo, y por estas visitas que llegaron a compartir la alegr\u00eda del D\u00eda del Ni\u00f1o con nosotros\u201d.<\/p>\n<p>Los estudiantes, quienes viven en el establecimiento debido a que se trata de una escuela de modalidad albergue, esperaban con entusiasmo el mes de agosto. <em><strong>\u201cEllos ya ven\u00edan contando los d\u00edas, muy emocionados. Celebramos como una actitud \u00e9tica de nuestra escuela la alegr\u00eda de esta fecha. Ya el s\u00e1bado anterior hicimos una primera celebraci\u00f3n institucional con nuestros profesores especiales, de F\u00edsica e Inform\u00e1tica, con juegos y actividades recreativas\u201d<\/strong><\/em>, cont\u00f3 la directora.<\/p>\n<p><a href=\"https:\/\/vinasfm.com\/noticias\/wp-content\/uploads\/2025\/08\/IMG-20250821-WA0045.jpg\"><img loading=\"lazy\" decoding=\"async\" class=\"wp-image-152123 aligncenter\" src=\"https:\/\/vinasfm.com\/noticias\/wp-content\/uploads\/2025\/08\/IMG-20250821-WA0045-1024x576.jpg\" alt=\"\" width=\"600\" height=\"338\" srcset=\"https:\/\/vinasfm.com\/noticias\/wp-content\/uploads\/2025\/08\/IMG-20250821-WA0045-1024x576.jpg 1024w, https:\/\/vinasfm.com\/noticias\/wp-content\/uploads\/2025\/08\/IMG-20250821-WA0045-300x169.jpg 300w, https:\/\/vinasfm.com\/noticias\/wp-content\/uploads\/2025\/08\/IMG-20250821-WA0045-768x432.jpg 768w, https:\/\/vinasfm.com\/noticias\/wp-content\/uploads\/2025\/08\/IMG-20250821-WA0045-1536x864.jpg 1536w, https:\/\/vinasfm.com\/noticias\/wp-content\/uploads\/2025\/08\/IMG-20250821-WA0045-1140x641.jpg 1140w, https:\/\/vinasfm.com\/noticias\/wp-content\/uploads\/2025\/08\/IMG-20250821-WA0045.jpg 1600w\" sizes=\"auto, (max-width: 600px) 100vw, 600px\" \/><\/a><\/p>\n<h2>Una escuela con vida propia<\/h2>\n<p>La <strong>escuela albergue Wolf Scholnik<\/strong> no solo es un espacio de aprendizaje acad\u00e9mico, sino tambi\u00e9n un lugar de vida cotidiana para ni\u00f1os y adultos. All\u00ed, los estudiantes permanecen alojados durante quince d\u00edas seguidos, para luego regresar a sus hogares por igual per\u00edodo.<\/p>\n<p>La jornada comienza a las 7:30 de la ma\u00f1ana, con rutinas de higiene personal, seguido por el desayuno en comunidad. A las 8:20 se iza la bandera y comienza el d\u00eda escolar, que se extiende hasta las 15:30. Durante la tarde, los chicos participan en actividades con la docente diurna: huerta escolar, talleres art\u00edsticos, juegos, apoyo escolar y tareas.<\/p>\n<p><em><strong>\u201cTenemos un proyecto muy bonito con la huerta, que nos permite ense\u00f1ar desde lo pr\u00e1ctico y lo comunitario. Tambi\u00e9n hacemos muchas actividades creativas, y los chicos disfrutan mucho\u201d<\/strong><\/em>, destac\u00f3 Vega.<\/p>\n<p>A las 19:30 inicia la rutina nocturna: ba\u00f1o individual, cena a las 20:30 y, luego, el esperado momento de calma. <em><strong>\u201cA las 21:30, las docentes los acompa\u00f1an a los dormitorios, se higienizan los dientes, les leen cuentos, conversan&#8230; y a las 22:30 comienza el descanso. Es un espacio muy cuidado, donde buscamos que cada ni\u00f1o se sienta contenido\u201d<\/strong><\/em>, a\u00f1adi\u00f3.<\/p>\n<p>La matr\u00edcula est\u00e1 compuesta por estudiantes de la zona rural y campos aleda\u00f1os, as\u00ed como tambi\u00e9n por ni\u00f1os provenientes de Santa Isabel.<\/p>\n<p><a href=\"https:\/\/vinasfm.com\/noticias\/wp-content\/uploads\/2025\/08\/IMG-20250821-WA0047.jpg\"><img loading=\"lazy\" decoding=\"async\" class=\"alignnone wp-image-152121\" src=\"https:\/\/vinasfm.com\/noticias\/wp-content\/uploads\/2025\/08\/IMG-20250821-WA0047.jpg\" alt=\"\" width=\"350\" height=\"197\" srcset=\"https:\/\/vinasfm.com\/noticias\/wp-content\/uploads\/2025\/08\/IMG-20250821-WA0047.jpg 1600w, https:\/\/vinasfm.com\/noticias\/wp-content\/uploads\/2025\/08\/IMG-20250821-WA0047-300x169.jpg 300w, https:\/\/vinasfm.com\/noticias\/wp-content\/uploads\/2025\/08\/IMG-20250821-WA0047-1024x576.jpg 1024w, https:\/\/vinasfm.com\/noticias\/wp-content\/uploads\/2025\/08\/IMG-20250821-WA0047-768x432.jpg 768w, https:\/\/vinasfm.com\/noticias\/wp-content\/uploads\/2025\/08\/IMG-20250821-WA0047-1536x864.jpg 1536w, https:\/\/vinasfm.com\/noticias\/wp-content\/uploads\/2025\/08\/IMG-20250821-WA0047-750x420.jpg 750w, https:\/\/vinasfm.com\/noticias\/wp-content\/uploads\/2025\/08\/IMG-20250821-WA0047-1140x641.jpg 1140w\" sizes=\"auto, (max-width: 350px) 100vw, 350px\" \/><\/a> <a href=\"https:\/\/vinasfm.com\/noticias\/wp-content\/uploads\/2025\/08\/IMG-20250821-WA0046.jpg\"><img loading=\"lazy\" decoding=\"async\" class=\"alignnone wp-image-152122\" src=\"https:\/\/vinasfm.com\/noticias\/wp-content\/uploads\/2025\/08\/IMG-20250821-WA0046-1024x576.jpg\" alt=\"\" width=\"350\" height=\"197\" srcset=\"https:\/\/vinasfm.com\/noticias\/wp-content\/uploads\/2025\/08\/IMG-20250821-WA0046-1024x576.jpg 1024w, https:\/\/vinasfm.com\/noticias\/wp-content\/uploads\/2025\/08\/IMG-20250821-WA0046-300x169.jpg 300w, https:\/\/vinasfm.com\/noticias\/wp-content\/uploads\/2025\/08\/IMG-20250821-WA0046-768x432.jpg 768w, https:\/\/vinasfm.com\/noticias\/wp-content\/uploads\/2025\/08\/IMG-20250821-WA0046-1536x864.jpg 1536w, https:\/\/vinasfm.com\/noticias\/wp-content\/uploads\/2025\/08\/IMG-20250821-WA0046-750x420.jpg 750w, https:\/\/vinasfm.com\/noticias\/wp-content\/uploads\/2025\/08\/IMG-20250821-WA0046-1140x641.jpg 1140w, https:\/\/vinasfm.com\/noticias\/wp-content\/uploads\/2025\/08\/IMG-20250821-WA0046.jpg 1600w\" sizes=\"auto, (max-width: 350px) 100vw, 350px\" \/><\/a><\/p>\n<h3>Un esfuerzo colectivo que da frutos<\/h3>\n<p>Vega subray\u00f3 que el funcionamiento de la escuela es posible gracias a un fuerte trabajo en equipo entre el personal docente y no docente, y la articulaci\u00f3n con organismos locales.<strong><em> \u201cSe nota el avance, no solo en lo edilicio y en los juegos, sino tambi\u00e9n en lo educativo y humano. Hay mucho esfuerzo por parte de todos para mejorar el aprendizaje y el bienestar de nuestros alumnos\u201d.<\/em><\/strong><\/p>\n<p>La celebraci\u00f3n del D\u00eda del Ni\u00f1o no fue solo una fiesta: fue un reflejo del compromiso de toda una comunidad que, a\u00fan en la ruralidad profunda, encuentra motivos para compartir, ense\u00f1ar y construir futuro.<\/p>\n","protected":false},"excerpt":{"rendered":"<p>En una jornada marcada por la alegr\u00eda, el compromiso comunitario y el juego, la Escuela Wolf Schoclnik del paraje Cochico fue &#8230;<\/p>\n","protected":false},"author":7,"featured_media":152124,"comment_status":"open","ping_status":"open","sticky":false,"template":"","format":"standard","meta":{"footnotes":""},"categories":[10,11],"tags":[],"class_list":["post-152125","post","type-post","status-publish","format-standard","has-post-thumbnail","hentry","category-destacadas","category-sociales"],"_links":{"self":[{"href":"https:\/\/vinasfm.com\/noticias\/wp-json\/wp\/v2\/posts\/152125","targetHints":{"allow":["GET"]}}],"collection":[{"href":"https:\/\/vinasfm.com\/noticias\/wp-json\/wp\/v2\/posts"}],"about":[{"href":"https:\/\/vinasfm.com\/noticias\/wp-json\/wp\/v2\/types\/post"}],"author":[{"embeddable":true,"href":"https:\/\/vinasfm.com\/noticias\/wp-json\/wp\/v2\/users\/7"}],"replies":[{"embeddable":true,"href":"https:\/\/vinasfm.com\/noticias\/wp-json\/wp\/v2\/comments?post=152125"}],"version-history":[{"count":1,"href":"https:\/\/vinasfm.com\/noticias\/wp-json\/wp\/v2\/posts\/152125\/revisions"}],"predecessor-version":[{"id":152126,"href":"https:\/\/vinasfm.com\/noticias\/wp-json\/wp\/v2\/posts\/152125\/revisions\/152126"}],"wp:featuredmedia":[{"embeddable":true,"href":"https:\/\/vinasfm.com\/noticias\/wp-json\/wp\/v2\/media\/152124"}],"wp:attachment":[{"href":"https:\/\/vinasfm.com\/noticias\/wp-json\/wp\/v2\/media?parent=152125"}],"wp:term":[{"taxonomy":"category","embeddable":true,"href":"https:\/\/vinasfm.com\/noticias\/wp-json\/wp\/v2\/categories?post=152125"},{"taxonomy":"post_tag","embeddable":true,"href":"https:\/\/vinasfm.com\/noticias\/wp-json\/wp\/v2\/tags?post=152125"}],"curies":[{"name":"wp","href":"https:\/\/api.w.org\/{rel}","templated":true}]}}