{"id":152100,"date":"2025-08-21T08:33:18","date_gmt":"2025-08-21T11:33:18","guid":{"rendered":"https:\/\/vinasfm.com\/noticias\/?p=152100"},"modified":"2025-08-22T10:29:33","modified_gmt":"2025-08-22T13:29:33","slug":"con-apoyo-del-senado-la-provincia-se-suma-al-regimen-de-transparencia-fiscal-al-consumidor","status":"publish","type":"post","link":"https:\/\/vinasfm.com\/noticias\/con-apoyo-del-senado-la-provincia-se-suma-al-regimen-de-transparencia-fiscal-al-consumidor\/","title":{"rendered":"CON APOYO DEL SENADO, LA PROVINCIA SE SUMA AL R\u00c9GIMEN DE TRANSPARENCIA FISCAL AL CONSUMIDOR"},"content":{"rendered":"<h4><span style=\"color: #003300;\">La medida busca que los ciudadanos conozcan el detalle de los impuestos en cada compra. Al ser modificada la propuesta original, obliga a que el proyecto vuelva a la C\u00e1mara de Diputados en segunda revisi\u00f3n.<\/span><\/h4>\n<p>El Senado provincial aprob\u00f3 la adhesi\u00f3n al <strong>R\u00e9gimen de Transparencia Fiscal al Consumidor<\/strong>, establecido en el<strong> T\u00edtulo VII de la Ley Nacional 27.743 de Medidas Fiscales Paliativas y Relevantes<\/strong>. La iniciativa, impulsada por el <em>senador de la Uni\u00f3n Mendocina<\/em>, <span style=\"color: #003366;\"><strong>Valent\u00edn Gonz\u00e1lez<\/strong><\/span>, junto con los diputados <span style=\"color: #003366;\"><strong>Gustavo Perret<\/strong> <\/span><em>(PJ)<\/em> y<span style=\"color: #003366;\"><strong> Guillermo Mosso<\/strong><\/span> <em>(PRO Libertad)<\/em>, fue aprobada, aunque con cambios de forma que obligan a su regreso a la C\u00e1mara de Diputados en segunda revisi\u00f3n.<\/p>\n<p>La propuesta unifica tres iniciativas similares y tiene como eje central la obligaci\u00f3n de detallar en facturas, tickets y comprobantes equivalentes los tributos provinciales vinculados a la actividad del emisor, incluyendo la al\u00edcuota de Ingresos Brutos.<\/p>\n<p><strong>La Administraci\u00f3n Tributaria Mendoza (ATM) ser\u00e1 la autoridad de aplicaci\u00f3n, encargada de supervisar y controlar el cumplimiento del r\u00e9gimen en toda la provincia. La normativa comenzar\u00e1 a regir el 1\u00b0 de enero de 2025, en l\u00ednea con lo dispuesto por la Ley Nacional.<\/strong><\/p>\n<p>Durante el tratamiento, el senador Valent\u00edn Gonz\u00e1lez explic\u00f3 que se acumulaban los expedientes en tratamiento por tratarse de la misma tem\u00e1tica y record\u00f3 que la iniciativa surgi\u00f3 del trabajo de la ONG L\u00f3gica a nivel nacional. <em><strong>\u201cEste r\u00e9gimen de transparencia fiscal empez\u00f3 a aplicarse en enero de 2025 en forma parcial y en abril ya se hizo general para todos los contribuyentes\u201d.<\/strong><\/em><\/p>\n<p>Otro de los puntos se\u00f1alados por el legislador fue: <em><strong>\u201cHoy, cuando vamos a un comercio o contratamos un servicio, ya podemos ver discriminado en el ticket el IVA y el precio del producto. El objetivo es correr el velo fiscal y mostrarles a los consumidores qu\u00e9 impuestos se est\u00e1n pagando, ya sean nacionales, provinciales o municipales, en un pa\u00eds con una de las cargas tributarias m\u00e1s altas del mundo\u201d<\/strong><\/em>, fundament\u00f3.<\/p>\n<p><img loading=\"lazy\" decoding=\"async\" class=\"aligncenter\" src=\"https:\/\/www.senadomendoza.gob.ar\/wp-content\/uploads\/2025\/08\/DIE_9912.jpg\" width=\"600\" height=\"400\" \/><\/p>\n<h3><strong>Mayor claridad para los consumidores<\/strong><\/h3>\n<p>La Ley Nacional de Transparencia Fiscal, sancionada el 28 de junio de 2024,<strong> busca que los ciudadanos conozcan en detalle los impuestos que abonan al momento de adquirir bienes o servicios.<\/strong> Este esquema elimina la prohibici\u00f3n de discriminar el IVA en las operaciones con consumidores finales, establece la obligatoriedad de hacerlo y exige que se publiquen los precios con el monto neto y el detalle de impuestos incluidos.<\/p>\n<p>Seg\u00fan su fundamentaci\u00f3n<strong>, la normativa responde a una demanda social de mayor transparencia, avalada por m\u00e1s de 50.000 firmas en la plataforma Change.org<\/strong> y por encuestas como las de Poliarqu\u00eda, que reflejan que el 94% de la poblaci\u00f3n desea contar con informaci\u00f3n clara sobre los impuestos que paga.<\/p>\n<p>Hasta el momento, solo Chubut hab\u00eda adherido a esta normativa, mientras que Entre R\u00edos alcanz\u00f3 media sanci\u00f3n y provincias como C\u00f3rdoba y Ciudad de Buenos Aires se encuentran en proceso de an\u00e1lisis.<strong> Con la aprobaci\u00f3n de este martes, Mendoza se suma al reducido grupo de jurisdicciones que avanzan en la implementaci\u00f3n del r\u00e9gimen.<\/strong><\/p>\n<h3><strong>Fundamentaci\u00f3n de los autores en Diputados<\/strong><\/h3>\n<p>Al fundamentar la adhesi\u00f3n durante su tratamiento en la C\u00e1mara de Diputados, Mosso se\u00f1al\u00f3 que la medida se enmarca en la pol\u00edtica de responsabilidad fiscal iniciada en Mendoza en 2015, con orden en las cuentas p\u00fablicas, super\u00e1vit fiscal y una disminuci\u00f3n progresiva de al\u00edcuotas. Perret, en tanto, la defini\u00f3 como un paso firme hacia \u201cun Estado m\u00e1s transparente, cercano al ciudadano y comprometido con una gesti\u00f3n p\u00fablica responsable\u201d.<\/p>\n<p>Vale destacar que representantes de la ONG L\u00f3gica, impulsaron la Ley a nivel nacional, por lo que su titular, Mat\u00edas Olivero Vila, destac\u00f3 durante el tratamiento en Diputados que el objetivo es que los consumidores puedan identificar con claridad cu\u00e1nto corresponde al valor del producto y cu\u00e1nto a los impuestos que lo encarecen.<\/p>\n","protected":false},"excerpt":{"rendered":"<p>La medida busca que los ciudadanos conozcan el detalle de los impuestos en cada compra. Al ser modificada la propuesta original, &#8230;<\/p>\n","protected":false},"author":7,"featured_media":152101,"comment_status":"open","ping_status":"open","sticky":false,"template":"","format":"standard","meta":{"footnotes":""},"categories":[16,43],"tags":[],"class_list":["post-152100","post","type-post","status-publish","format-standard","has-post-thumbnail","hentry","category-economia","category-legislatura"],"_links":{"self":[{"href":"https:\/\/vinasfm.com\/noticias\/wp-json\/wp\/v2\/posts\/152100","targetHints":{"allow":["GET"]}}],"collection":[{"href":"https:\/\/vinasfm.com\/noticias\/wp-json\/wp\/v2\/posts"}],"about":[{"href":"https:\/\/vinasfm.com\/noticias\/wp-json\/wp\/v2\/types\/post"}],"author":[{"embeddable":true,"href":"https:\/\/vinasfm.com\/noticias\/wp-json\/wp\/v2\/users\/7"}],"replies":[{"embeddable":true,"href":"https:\/\/vinasfm.com\/noticias\/wp-json\/wp\/v2\/comments?post=152100"}],"version-history":[{"count":1,"href":"https:\/\/vinasfm.com\/noticias\/wp-json\/wp\/v2\/posts\/152100\/revisions"}],"predecessor-version":[{"id":152102,"href":"https:\/\/vinasfm.com\/noticias\/wp-json\/wp\/v2\/posts\/152100\/revisions\/152102"}],"wp:featuredmedia":[{"embeddable":true,"href":"https:\/\/vinasfm.com\/noticias\/wp-json\/wp\/v2\/media\/152101"}],"wp:attachment":[{"href":"https:\/\/vinasfm.com\/noticias\/wp-json\/wp\/v2\/media?parent=152100"}],"wp:term":[{"taxonomy":"category","embeddable":true,"href":"https:\/\/vinasfm.com\/noticias\/wp-json\/wp\/v2\/categories?post=152100"},{"taxonomy":"post_tag","embeddable":true,"href":"https:\/\/vinasfm.com\/noticias\/wp-json\/wp\/v2\/tags?post=152100"}],"curies":[{"name":"wp","href":"https:\/\/api.w.org\/{rel}","templated":true}]}}