{"id":152050,"date":"2025-08-19T10:25:43","date_gmt":"2025-08-19T13:25:43","guid":{"rendered":"https:\/\/vinasfm.com\/noticias\/?p=152050"},"modified":"2025-08-20T09:48:10","modified_gmt":"2025-08-20T12:48:10","slug":"corral-de-lorca-tuvo-su-festejo-por-el-dia-del-nino","status":"publish","type":"post","link":"https:\/\/vinasfm.com\/noticias\/corral-de-lorca-tuvo-su-festejo-por-el-dia-del-nino\/","title":{"rendered":"CORRAL DE LORCA TUVO SU FESTEJO POR EL D\u00cdA DEL NI\u00d1O"},"content":{"rendered":"<h4 dir=\"auto\"><strong>La comunidad educativa de la Escuela N\u00b0 8-332 \u201cJos\u00e9 Musale\u201d, ubicada en el paraje Corral de Lorca, celebr\u00f3 con gran alegr\u00eda el D\u00eda del Ni\u00f1o. La jornada reuni\u00f3 a familias, docentes, alumnos y distintas instituciones que se acercaron para compartir juegos, regalos y actividades recreativas.<\/strong><\/h4>\n<div dir=\"auto\">La Directora de la instituci\u00f3n, Noelia Sosa, destac\u00f3 la importancia de esta celebraci\u00f3n en un lugar tan alejado de la ciudad: <em><strong>\u201cestas actividades son muy significativas porque no todos los d\u00edas los chicos tienen la posibilidad de participar de un evento as\u00ed, adem\u00e1s de divertirse, tambi\u00e9n est\u00e1n aprendiendo a trav\u00e9s del juego, el compartir y el estar con otros\u201d<\/strong><\/em>.<\/div>\n<div dir=\"auto\"><\/div>\n<div dir=\"auto\">La escuela, que funciona bajo el sistema de albergue con estudiantes que permanecen 15 d\u00edas en la instituci\u00f3n, se ha convertido en un espacio donde no solo se imparten clases, sino que tambi\u00e9n se desarrollan proyectos de huerta, m\u00fasica folcl\u00f3rica y actividades de contenci\u00f3n para los chicos que viven lejos de centros urbanos.<\/div>\n<div dir=\"auto\"><\/div>\n<div dir=\"auto\">La jornada cont\u00f3 con un almuerzo comunitario, juegos, obsequios y momentos de encuentro entre alumnos, docentes y familias. El evento fue organizado por la Subdirecci\u00f3n de Parajes y Distritos, junto a la colaboraci\u00f3n de distintas instituciones locales.<\/div>\n<div dir=\"auto\"><\/div>\n<div dir=\"auto\">El festejo del D\u00eda del Ni\u00f1o en Corral de Lorca fue el primero de una serie de celebraciones que continuar\u00e1n durante la semana a partir de las 13 horas:<\/div>\n<div dir=\"auto\"><\/div>\n<div dir=\"auto\"><strong>* Mi\u00e9rcoles 20: Cochico<\/strong><\/div>\n<div dir=\"auto\"><strong>* Jueves 21: Canalejas<\/strong><\/div>\n<div dir=\"auto\"><strong>* Viernes 22: La Mora<\/strong><\/div>\n","protected":false},"excerpt":{"rendered":"<p>La comunidad educativa de la Escuela N\u00b0 8-332 \u201cJos\u00e9 Musale\u201d, ubicada en el paraje Corral de Lorca, celebr\u00f3 con gran alegr\u00eda &#8230;<\/p>\n","protected":false},"author":7,"featured_media":152051,"comment_status":"open","ping_status":"open","sticky":false,"template":"","format":"standard","meta":{"footnotes":""},"categories":[10,11],"tags":[],"class_list":["post-152050","post","type-post","status-publish","format-standard","has-post-thumbnail","hentry","category-destacadas","category-sociales"],"_links":{"self":[{"href":"https:\/\/vinasfm.com\/noticias\/wp-json\/wp\/v2\/posts\/152050","targetHints":{"allow":["GET"]}}],"collection":[{"href":"https:\/\/vinasfm.com\/noticias\/wp-json\/wp\/v2\/posts"}],"about":[{"href":"https:\/\/vinasfm.com\/noticias\/wp-json\/wp\/v2\/types\/post"}],"author":[{"embeddable":true,"href":"https:\/\/vinasfm.com\/noticias\/wp-json\/wp\/v2\/users\/7"}],"replies":[{"embeddable":true,"href":"https:\/\/vinasfm.com\/noticias\/wp-json\/wp\/v2\/comments?post=152050"}],"version-history":[{"count":1,"href":"https:\/\/vinasfm.com\/noticias\/wp-json\/wp\/v2\/posts\/152050\/revisions"}],"predecessor-version":[{"id":152052,"href":"https:\/\/vinasfm.com\/noticias\/wp-json\/wp\/v2\/posts\/152050\/revisions\/152052"}],"wp:featuredmedia":[{"embeddable":true,"href":"https:\/\/vinasfm.com\/noticias\/wp-json\/wp\/v2\/media\/152051"}],"wp:attachment":[{"href":"https:\/\/vinasfm.com\/noticias\/wp-json\/wp\/v2\/media?parent=152050"}],"wp:term":[{"taxonomy":"category","embeddable":true,"href":"https:\/\/vinasfm.com\/noticias\/wp-json\/wp\/v2\/categories?post=152050"},{"taxonomy":"post_tag","embeddable":true,"href":"https:\/\/vinasfm.com\/noticias\/wp-json\/wp\/v2\/tags?post=152050"}],"curies":[{"name":"wp","href":"https:\/\/api.w.org\/{rel}","templated":true}]}}