{"id":152019,"date":"2025-08-18T12:02:05","date_gmt":"2025-08-18T15:02:05","guid":{"rendered":"https:\/\/vinasfm.com\/noticias\/?p=152019"},"modified":"2025-08-19T10:25:40","modified_gmt":"2025-08-19T13:25:40","slug":"gran-festejo-por-el-dia-del-nino-en-el-barrio-isla-gorostiague-juegos-chocolate-y-alegria-para-toda-la-comunidad","status":"publish","type":"post","link":"https:\/\/vinasfm.com\/noticias\/gran-festejo-por-el-dia-del-nino-en-el-barrio-isla-gorostiague-juegos-chocolate-y-alegria-para-toda-la-comunidad\/","title":{"rendered":"GRAN FESTEJO POR EL D\u00cdA DEL NI\u00d1O EN EL BARRIO ISLA GOROSTIAGUE: JUEGOS, CHOCOLATE Y ALEGR\u00cdA PARA TODA LA COMUNIDAD\u00a0"},"content":{"rendered":"<h4><strong><span style=\"color: #003300;\">Este s\u00e1bado se vivi\u00f3 una jornada llena de color, sonrisas y uni\u00f3n comunitaria en el barrio Isla Gorostiague, donde se celebr\u00f3 el D\u00eda del Ni\u00f1o con una gran fiesta destinada no solo a los ni\u00f1os y ni\u00f1as del barrio anfitri\u00f3n, sino tambi\u00e9n a los de Los Ranqueles, San Miguel Arcangel y Costa del Atuel.<\/span><\/strong><\/h4>\n<p>Desde temprano, las familias comenzaron a llegar al espacio emblem\u00e1tico del barrio, la cancha. All\u00ed se desarrollaron juegos tradicionales, bailes, espect\u00e1culos y se comparti\u00f3 un cl\u00e1sico infaltable: <strong>una gran chocolatada para todos los presentes.<\/strong><\/p>\n<p>Uno de los momentos m\u00e1s esperados fue el sorteo de dos bicicletas, que gener\u00f3 gran expectativa entre los ni\u00f1os. Adem\u00e1s, personajes muy queridos como el Incre\u00edble Hulk, Mickey Mouse y Spiderman se hicieron presentes para sacarse fotos y animar la tarde.<\/p>\n<p><a href=\"https:\/\/vinasfm.com\/noticias\/wp-content\/uploads\/2025\/08\/IMG-20250818-WA0085.jpg\"><img loading=\"lazy\" decoding=\"async\" class=\"wp-image-152022 aligncenter\" src=\"https:\/\/vinasfm.com\/noticias\/wp-content\/uploads\/2025\/08\/IMG-20250818-WA0085-1024x576.jpg\" alt=\"\" width=\"600\" height=\"338\" srcset=\"https:\/\/vinasfm.com\/noticias\/wp-content\/uploads\/2025\/08\/IMG-20250818-WA0085-1024x576.jpg 1024w, https:\/\/vinasfm.com\/noticias\/wp-content\/uploads\/2025\/08\/IMG-20250818-WA0085-300x169.jpg 300w, https:\/\/vinasfm.com\/noticias\/wp-content\/uploads\/2025\/08\/IMG-20250818-WA0085-768x432.jpg 768w, https:\/\/vinasfm.com\/noticias\/wp-content\/uploads\/2025\/08\/IMG-20250818-WA0085-1536x864.jpg 1536w, https:\/\/vinasfm.com\/noticias\/wp-content\/uploads\/2025\/08\/IMG-20250818-WA0085-1140x641.jpg 1140w, https:\/\/vinasfm.com\/noticias\/wp-content\/uploads\/2025\/08\/IMG-20250818-WA0085.jpg 1600w\" sizes=\"auto, (max-width: 600px) 100vw, 600px\" \/><\/a><\/p>\n<p><span style=\"color: #003366;\"><strong>Yesica Espinosa<\/strong><\/span>, referente del barrio Isla Gorostiague, expres\u00f3 su entusiasmo: <em><strong>\u201choy estamos festejando el D\u00eda del Ni\u00f1o por tercera vez aqu\u00ed en la isla. Como ves, no solamente vinieron chicos de la isla, sino tambi\u00e9n de la San Miguel, de la Costa y de Los Ranqueles. Siempre que hacemos eventos as\u00ed se junta mucha gente. Gracias al intendente Jani Molero que nos asiste con todo para que esto se pueda llevar a cabo\u201d.<\/strong><\/em><\/p>\n<p>Espinosa tambi\u00e9n agradeci\u00f3 a los j\u00f3venes, vecinos y voluntarios que colaboraron con la organizaci\u00f3n, disfraz\u00e1ndose, preparando el chocolate o aportando lo necesario para que la jornada fuera un \u00e9xito.<br \/>\n<strong><em>\u201cSe ha trabajado siempre en conjunto, con desarrollo, obras p\u00fablicas, servicios p\u00fablicos. La idea es llegar a cada vecino y que todos puedan disfrutar\u201d<\/em><\/strong>, remarc\u00f3.<\/p>\n<p>Desde el barrio Los Ranqueles, Juan Barrera y El\u00edas Barrios tambi\u00e9n compartieron su alegr\u00eda por formar parte del evento.<\/p>\n<p><a href=\"https:\/\/vinasfm.com\/noticias\/wp-content\/uploads\/2025\/08\/IMG-20250818-WA0099.jpg\"><img loading=\"lazy\" decoding=\"async\" class=\"wp-image-152020 aligncenter\" src=\"https:\/\/vinasfm.com\/noticias\/wp-content\/uploads\/2025\/08\/IMG-20250818-WA0099-1024x576.jpg\" alt=\"\" width=\"600\" height=\"338\" srcset=\"https:\/\/vinasfm.com\/noticias\/wp-content\/uploads\/2025\/08\/IMG-20250818-WA0099-1024x576.jpg 1024w, https:\/\/vinasfm.com\/noticias\/wp-content\/uploads\/2025\/08\/IMG-20250818-WA0099-300x169.jpg 300w, https:\/\/vinasfm.com\/noticias\/wp-content\/uploads\/2025\/08\/IMG-20250818-WA0099-768x432.jpg 768w, https:\/\/vinasfm.com\/noticias\/wp-content\/uploads\/2025\/08\/IMG-20250818-WA0099-1536x864.jpg 1536w, https:\/\/vinasfm.com\/noticias\/wp-content\/uploads\/2025\/08\/IMG-20250818-WA0099-1140x641.jpg 1140w, https:\/\/vinasfm.com\/noticias\/wp-content\/uploads\/2025\/08\/IMG-20250818-WA0099.jpg 1600w\" sizes=\"auto, (max-width: 600px) 100vw, 600px\" \/><\/a><\/p>\n<p><em><strong>\u201cEstamos muy contentos, agradecidos. Es el segundo o tercer a\u00f1o que lo hacemos y siempre tratamos de compartir juntos con los barrios. La uni\u00f3n es todo, poder juntar a los ni\u00f1os, a la gente\u2026 es un gusto\u201d<\/strong><\/em>, afirm\u00f3 Barrera.<\/p>\n<p>El\u00edas, por su parte, destac\u00f3 el esp\u00edritu de comunidad, <em><strong>\u201cla alegr\u00eda de cada peque\u00f1o, con solo una tacita de chocolate, es impagable. Creo que hoy vinieron m\u00e1s de 400 chicos. Estamos muy agradecidos con todos los que colaboraron\u201d.<\/strong><\/em><\/p>\n<p>La actividad no solo logr\u00f3 reunir a una gran cantidad de ni\u00f1os y ni\u00f1as, sino que tambi\u00e9n fortaleci\u00f3 los lazos entre vecinos de distintos sectores de la ciudad, con el esp\u00edritu de que cada infancia sea celebrada con alegr\u00eda, respeto y comunidad.<\/p>\n","protected":false},"excerpt":{"rendered":"<p>Este s\u00e1bado se vivi\u00f3 una jornada llena de color, sonrisas y uni\u00f3n comunitaria en el barrio Isla Gorostiague, donde se celebr\u00f3 &#8230;<\/p>\n","protected":false},"author":7,"featured_media":152021,"comment_status":"open","ping_status":"open","sticky":false,"template":"","format":"standard","meta":{"footnotes":""},"categories":[5,11],"tags":[],"class_list":["post-152019","post","type-post","status-publish","format-standard","has-post-thumbnail","hentry","category-actualidad","category-sociales"],"_links":{"self":[{"href":"https:\/\/vinasfm.com\/noticias\/wp-json\/wp\/v2\/posts\/152019","targetHints":{"allow":["GET"]}}],"collection":[{"href":"https:\/\/vinasfm.com\/noticias\/wp-json\/wp\/v2\/posts"}],"about":[{"href":"https:\/\/vinasfm.com\/noticias\/wp-json\/wp\/v2\/types\/post"}],"author":[{"embeddable":true,"href":"https:\/\/vinasfm.com\/noticias\/wp-json\/wp\/v2\/users\/7"}],"replies":[{"embeddable":true,"href":"https:\/\/vinasfm.com\/noticias\/wp-json\/wp\/v2\/comments?post=152019"}],"version-history":[{"count":2,"href":"https:\/\/vinasfm.com\/noticias\/wp-json\/wp\/v2\/posts\/152019\/revisions"}],"predecessor-version":[{"id":152025,"href":"https:\/\/vinasfm.com\/noticias\/wp-json\/wp\/v2\/posts\/152019\/revisions\/152025"}],"wp:featuredmedia":[{"embeddable":true,"href":"https:\/\/vinasfm.com\/noticias\/wp-json\/wp\/v2\/media\/152021"}],"wp:attachment":[{"href":"https:\/\/vinasfm.com\/noticias\/wp-json\/wp\/v2\/media?parent=152019"}],"wp:term":[{"taxonomy":"category","embeddable":true,"href":"https:\/\/vinasfm.com\/noticias\/wp-json\/wp\/v2\/categories?post=152019"},{"taxonomy":"post_tag","embeddable":true,"href":"https:\/\/vinasfm.com\/noticias\/wp-json\/wp\/v2\/tags?post=152019"}],"curies":[{"name":"wp","href":"https:\/\/api.w.org\/{rel}","templated":true}]}}