{"id":152017,"date":"2025-08-18T10:53:06","date_gmt":"2025-08-18T13:53:06","guid":{"rendered":"https:\/\/vinasfm.com\/noticias\/?p=152017"},"modified":"2025-08-19T10:00:06","modified_gmt":"2025-08-19T13:00:06","slug":"la-erogacion-del-rio-atuel-se-postergara-y-advierten-por-una-disminucion-del-50-por-ciento-en-la-nieve-acumulada","status":"publish","type":"post","link":"https:\/\/vinasfm.com\/noticias\/la-erogacion-del-rio-atuel-se-postergara-y-advierten-por-una-disminucion-del-50-por-ciento-en-la-nieve-acumulada\/","title":{"rendered":"LA EROGACI\u00d3N DEL R\u00cdO ATUEL SE POSTERGAR\u00c1 Y ADVIERTEN POR UNA DISMINUCI\u00d3N DEL 50 POR CIENTO EN LA NIEVE ACUMULADA"},"content":{"rendered":"<h4><span style=\"color: #003300;\">La erogaci\u00f3n de agua del r\u00edo Atuel, que estaba prevista inicialmente para mediados de agosto, fue nuevamente reprogramada. As\u00ed lo explic\u00f3 el subdelegado de Aguas del r\u00edo Atuel, Santiago del R\u00edo, quien remarc\u00f3 que la temporada de riego depender\u00e1 en gran medida de lo que ocurra en los pr\u00f3ximos d\u00edas con las nevadas en la cordillera.<\/span><\/h4>\n<p><em><strong>\u201cLa corta no ha finalizado. Justamente el d\u00eda jueves tuvimos una reuni\u00f3n con los inspectores de cauce para definir un poco la situaci\u00f3n\u201d<\/strong><\/em>, se\u00f1al\u00f3 el funcionario, aclarando que la fecha del 15 de agosto era estimativa. <strong><em>\u201cEn la resoluci\u00f3n de corta se hab\u00eda colocado alrededor de mediados de agosto, pero viendo la situaci\u00f3n tan comprometida que hemos tenido este a\u00f1o en la cordillera, es muy complicada, similar a los \u00faltimos a\u00f1os de crisis entre 2021 y 2022\u201d<\/em><\/strong>, agreg\u00f3.<\/p>\n<p><span style=\"color: #003366;\"><strong>Del R\u00edo<\/strong><\/span> subray\u00f3 que las nevadas de este invierno fueron mucho menores a las de los \u00faltimos dos a\u00f1os, que hab\u00edan tra\u00eddo cierto alivio a la regi\u00f3n.<strong><em> \u201cEl 2023 y 2024 fueron a\u00f1os buenos, pero este a\u00f1o estamos hablando de que habr\u00eda por lo menos un 50 por ciento menos de nieve que en esos a\u00f1os anteriores\u201d<\/em><\/strong>, expres\u00f3. De todos modos, no descart\u00f3 que pueda producirse alguna nevada tard\u00eda: <em><strong>\u201cSi Dios quiere y nos acompa\u00f1a, podemos llegar a tener algunas nevadas m\u00e1s en estos pr\u00f3ximos d\u00edas\u201d.<\/strong><\/em><\/p>\n<p>La falta de acumulaci\u00f3n en alta monta\u00f1a es el factor que condiciona la planificaci\u00f3n. Seg\u00fan lo indicado, la liberaci\u00f3n de agua reci\u00e9n comenzar\u00eda a partir del 26 de agosto, con la posibilidad de que algunas inspecciones con cultivos tempranos se adelanten. <strong><em>\u201cLa largada de agua se ha ido reprogramando del 26 de agosto en adelante, de acuerdo a los requerimientos que se vayan teniendo en determinadas inspecciones y sobre todo en los cultivos m\u00e1s tempranos\u201d<\/em><\/strong>, explic\u00f3 el subdelegado.<\/p>\n<p>En cuanto al estado de los embalses, el funcionario precis\u00f3:<em><strong> \u201cHoy estamos alrededor del 85 o 86 por ciento. La idea es llegar casi al 90 por ciento a la largada del agua\u201d<\/strong><\/em>. Si bien este nivel representa una mejora respecto a a\u00f1os anteriores, la capacidad sigue siendo insuficiente para garantizar tranquilidad en toda la temporada de riego. <em><strong>\u201cSiempre sabemos que el volumen de los embalses que necesitamos para una temporada similar al a\u00f1o pasado son tres veces Nihuil y Valle Grande juntos, para poder tener una temporada relativamente tranquila\u201d<\/strong><\/em>, se\u00f1al\u00f3.<\/p>\n<p>Respecto a las obras, la mayor\u00eda de las tareas de limpieza y mantenimiento de cauces ya fueron completadas. <em><strong>\u201cLas tareas de limpieza ya se est\u00e1n finalizando, sobre todo queda una zona en el cuarto tramo del canal marginal\u201d<\/strong><\/em>, indic\u00f3. Adem\u00e1s, se utiliz\u00f3 parte del escurrimiento natural para reforzar sectores puntuales. <em><strong>\u201cAyer (por el viernes) se ingres\u00f3 agua del escurrimiento natural que hay en el r\u00edo ya por el canal marginal para terminarlo de dejar en condiciones y hoy se ha embalsado ese agua en Real del Padre para empezar a dotar algunas propiedades con cultivos muy tempranos o reservorios\u201d<\/strong><\/em>, detall\u00f3.<\/p>\n<p>En Real del Padre, muchos productores que hab\u00edan perdido plantaciones a ra\u00edz del fen\u00f3meno clim\u00e1tico del verano est\u00e1n replantando y se ver\u00e1n beneficiados con esta distribuci\u00f3n temprana. <strong><em>\u201cMucha gente en Real del Padre est\u00e1 replantando despu\u00e9s del fen\u00f3meno clim\u00e1tico que tuvieron en el verano y se les va a ir distribuyendo un poco de ese agua\u201d<\/em><\/strong>, manifest\u00f3 Del R\u00edo.<\/p>\n<p>Sobre la modalidad de la erogaci\u00f3n, precis\u00f3 que ser\u00e1 progresiva. <em><strong>\u201cEn un principio vamos a empezar con caudales bajos, entre 10 y 15 metros, y despu\u00e9s ir aumentando progresivamente de acuerdo a las necesidades de algunas inspecciones\u201d, explic\u00f3. Algunas zonas podr\u00edan iniciar antes de lo previsto si las lluvias del llano no resultan suficientes. \u201cAlgunas inspecciones estaban hablando de empezar reci\u00e9n en los primeros d\u00edas de septiembre con la erogaci\u00f3n, siempre viendo la situaci\u00f3n clim\u00e1tica\u201d<\/strong><\/em>, dijo.<\/p>\n<p>En ese marco, algunas \u00e1reas puntuales tendr\u00edan prioridad.<em><strong> \u201cLos canales Correa y Perrone, en la zona de Malvinas y de La Corre\u00edna en Salto de las Rosas, podr\u00edan adelantarse porque han hecho algunos cultivos de invierno. Se les dar\u00eda una fracci\u00f3n de tres o cuatro d\u00edas de agua para poder abastecer esos cultivos\u201d<\/strong><\/em>, anticip\u00f3.<\/p>\n<p>La situaci\u00f3n h\u00eddrica, como cada temporada, depender\u00e1 de lo que ocurra en la cordillera. Con reservas moderadas en los embalses y una ca\u00edda marcada en los niveles de nieve, la expectativa est\u00e1 puesta en que se produzcan nuevas nevadas en los pr\u00f3ximos d\u00edas para aliviar un panorama que, de lo contrario, se presenta complejo para los productores.<\/p>\n<p>&nbsp;<\/p>\n<h6>Diario San Rafael.<\/h6>\n","protected":false},"excerpt":{"rendered":"<p>La erogaci\u00f3n de agua del r\u00edo Atuel, que estaba prevista inicialmente para mediados de agosto, fue nuevamente reprogramada. As\u00ed lo explic\u00f3 &#8230;<\/p>\n","protected":false},"author":7,"featured_media":73163,"comment_status":"open","ping_status":"open","sticky":false,"template":"","format":"standard","meta":{"footnotes":""},"categories":[37,187],"tags":[],"class_list":["post-152017","post","type-post","status-publish","format-standard","has-post-thumbnail","hentry","category-irrigacion","category-rio-atuel"],"_links":{"self":[{"href":"https:\/\/vinasfm.com\/noticias\/wp-json\/wp\/v2\/posts\/152017","targetHints":{"allow":["GET"]}}],"collection":[{"href":"https:\/\/vinasfm.com\/noticias\/wp-json\/wp\/v2\/posts"}],"about":[{"href":"https:\/\/vinasfm.com\/noticias\/wp-json\/wp\/v2\/types\/post"}],"author":[{"embeddable":true,"href":"https:\/\/vinasfm.com\/noticias\/wp-json\/wp\/v2\/users\/7"}],"replies":[{"embeddable":true,"href":"https:\/\/vinasfm.com\/noticias\/wp-json\/wp\/v2\/comments?post=152017"}],"version-history":[{"count":1,"href":"https:\/\/vinasfm.com\/noticias\/wp-json\/wp\/v2\/posts\/152017\/revisions"}],"predecessor-version":[{"id":152018,"href":"https:\/\/vinasfm.com\/noticias\/wp-json\/wp\/v2\/posts\/152017\/revisions\/152018"}],"wp:featuredmedia":[{"embeddable":true,"href":"https:\/\/vinasfm.com\/noticias\/wp-json\/wp\/v2\/media\/73163"}],"wp:attachment":[{"href":"https:\/\/vinasfm.com\/noticias\/wp-json\/wp\/v2\/media?parent=152017"}],"wp:term":[{"taxonomy":"category","embeddable":true,"href":"https:\/\/vinasfm.com\/noticias\/wp-json\/wp\/v2\/categories?post=152017"},{"taxonomy":"post_tag","embeddable":true,"href":"https:\/\/vinasfm.com\/noticias\/wp-json\/wp\/v2\/tags?post=152017"}],"curies":[{"name":"wp","href":"https:\/\/api.w.org\/{rel}","templated":true}]}}