{"id":152013,"date":"2025-08-18T10:21:35","date_gmt":"2025-08-18T13:21:35","guid":{"rendered":"https:\/\/vinasfm.com\/noticias\/?p=152013"},"modified":"2025-08-19T09:48:55","modified_gmt":"2025-08-19T12:48:55","slug":"un-hombre-de-75-anos-denuncio-un-robo-en-su-domicilio","status":"publish","type":"post","link":"https:\/\/vinasfm.com\/noticias\/un-hombre-de-75-anos-denuncio-un-robo-en-su-domicilio\/","title":{"rendered":"UN HOMBRE DE 75 A\u00d1OS DENUNCI\u00d3 UN ROBO EN SU DOMICILIO"},"content":{"rendered":"<h4><strong><span style=\"color: #003300;\">Un hombre de 75 a\u00f1os fue v\u00edctima de un robo en su vivienda ubicada en calle Almafuerte al 100. El hecho ocurri\u00f3 el domingo 17 de agosto, alrededor de las 20:30 horas, cuando el propietario regres\u00f3 a su domicilio y advirti\u00f3 la falta de varios elementos.<\/span><\/strong><\/h4>\n<p>Seg\u00fan la denuncia, los delincuentes sustrajeron un <strong>calef\u00f3n color blanco<\/strong>, <strong>dos canillas doradas<\/strong>, <strong>dos mesas de luz de madera<\/strong>, un <strong>equipo de m\u00fasica<\/strong>, <strong>tres hornallas de aluminio<\/strong> y otros objetos de valor.<\/p>\n<p>La v\u00edctima, identificada como <strong>A.H.M., de 75 a\u00f1os<\/strong>, radic\u00f3 la denuncia en la dependencia policial, que dio intervenci\u00f3n a la justicia para continuar con la investigaci\u00f3n.<\/p>\n<p>&nbsp;<\/p>\n","protected":false},"excerpt":{"rendered":"<p>Un hombre de 75 a\u00f1os fue v\u00edctima de un robo en su vivienda ubicada en calle Almafuerte al 100. El hecho &#8230;<\/p>\n","protected":false},"author":7,"featured_media":144030,"comment_status":"open","ping_status":"open","sticky":false,"template":"","format":"standard","meta":{"footnotes":""},"categories":[5,4],"tags":[],"class_list":["post-152013","post","type-post","status-publish","format-standard","has-post-thumbnail","hentry","category-actualidad","category-policiales"],"_links":{"self":[{"href":"https:\/\/vinasfm.com\/noticias\/wp-json\/wp\/v2\/posts\/152013","targetHints":{"allow":["GET"]}}],"collection":[{"href":"https:\/\/vinasfm.com\/noticias\/wp-json\/wp\/v2\/posts"}],"about":[{"href":"https:\/\/vinasfm.com\/noticias\/wp-json\/wp\/v2\/types\/post"}],"author":[{"embeddable":true,"href":"https:\/\/vinasfm.com\/noticias\/wp-json\/wp\/v2\/users\/7"}],"replies":[{"embeddable":true,"href":"https:\/\/vinasfm.com\/noticias\/wp-json\/wp\/v2\/comments?post=152013"}],"version-history":[{"count":1,"href":"https:\/\/vinasfm.com\/noticias\/wp-json\/wp\/v2\/posts\/152013\/revisions"}],"predecessor-version":[{"id":152015,"href":"https:\/\/vinasfm.com\/noticias\/wp-json\/wp\/v2\/posts\/152013\/revisions\/152015"}],"wp:featuredmedia":[{"embeddable":true,"href":"https:\/\/vinasfm.com\/noticias\/wp-json\/wp\/v2\/media\/144030"}],"wp:attachment":[{"href":"https:\/\/vinasfm.com\/noticias\/wp-json\/wp\/v2\/media?parent=152013"}],"wp:term":[{"taxonomy":"category","embeddable":true,"href":"https:\/\/vinasfm.com\/noticias\/wp-json\/wp\/v2\/categories?post=152013"},{"taxonomy":"post_tag","embeddable":true,"href":"https:\/\/vinasfm.com\/noticias\/wp-json\/wp\/v2\/tags?post=152013"}],"curies":[{"name":"wp","href":"https:\/\/api.w.org\/{rel}","templated":true}]}}