{"id":152,"date":"2015-04-29T21:11:59","date_gmt":"2015-04-30T00:11:59","guid":{"rendered":"http:\/\/vinasfm.com\/noticias\/?p=152"},"modified":"2015-04-29T21:11:59","modified_gmt":"2015-04-30T00:11:59","slug":"tocar-la-ley-de-aguas-significaria-desestabilizar-la-proteccion-ambiental-que-tiene-mendoza","status":"publish","type":"post","link":"https:\/\/vinasfm.com\/noticias\/tocar-la-ley-de-aguas-significaria-desestabilizar-la-proteccion-ambiental-que-tiene-mendoza\/","title":{"rendered":"Tocar la Ley de Aguas significar\u00eda desestabilizar la protecci\u00f3n ambiental que tiene Mendoza"},"content":{"rendered":"<p><strong>El ingeniero Martin Garbuio secretario de ACOVI (asociaci\u00f3n de cooperativas vitivin\u00edcolas) charl\u00f3 al aire de vi\u00f1as sobre la posibilidad de la modificaci\u00f3n de la ley de aguas y las implicancias.<\/strong><\/p>\n<p>Ante los rumores period\u00edsticos que hablan de la posibilidad que el actual gobernador anuncie una modificaci\u00f3n en la ley de agua consultamos a Martin Garbuio un especialista en el tema para ver cu\u00e1l es el panorama  y estas eran sus palabras \u201cSer\u00eda poco serio que el gobernador intente cambiar la ley de aguas de manera intempestiva. La ley tiene una protecci\u00f3n muy fuerte, es anterior a la primera constituci\u00f3n de la provincia y a la existencia de los departamentos. De ah\u00ed su fortaleza, es muy dif\u00edcil su modificaci\u00f3n porque muchas leyes dependen de su base\u201d.<\/p>\n<p>El ingeniero fue claro a la hora de poner sobre la mesa los intereses que hay detr\u00e1s de cada intento de modificaci\u00f3n \u201ctocar la ley de aguas significar\u00eda desestabilizar la protecci\u00f3n ambiental que tiene Mendoza. Hay actores externos que quieren desplazar al sector productivo hist\u00f3rico de la provincia, por eso cada tanto hay un embate contra el agua. Lo que no saben es que el pueblo mendocino es muy consciente que el destino de nuestros hijos depende del uso del agua\u201d. As\u00ed cerraba la charla el actual secretario de ACOVI.<\/p>\n","protected":false},"excerpt":{"rendered":"<p>El ingeniero Martin Garbuio secretario de ACOVI (asociaci\u00f3n de cooperativas vitivin\u00edcolas) charl\u00f3 al aire de vi\u00f1as sobre la posibilidad de la &#8230;<\/p>\n","protected":false},"author":1,"featured_media":153,"comment_status":"open","ping_status":"open","sticky":false,"template":"","format":"standard","meta":{"footnotes":""},"categories":[5],"tags":[],"class_list":["post-152","post","type-post","status-publish","format-standard","has-post-thumbnail","hentry","category-actualidad"],"_links":{"self":[{"href":"https:\/\/vinasfm.com\/noticias\/wp-json\/wp\/v2\/posts\/152","targetHints":{"allow":["GET"]}}],"collection":[{"href":"https:\/\/vinasfm.com\/noticias\/wp-json\/wp\/v2\/posts"}],"about":[{"href":"https:\/\/vinasfm.com\/noticias\/wp-json\/wp\/v2\/types\/post"}],"author":[{"embeddable":true,"href":"https:\/\/vinasfm.com\/noticias\/wp-json\/wp\/v2\/users\/1"}],"replies":[{"embeddable":true,"href":"https:\/\/vinasfm.com\/noticias\/wp-json\/wp\/v2\/comments?post=152"}],"version-history":[{"count":1,"href":"https:\/\/vinasfm.com\/noticias\/wp-json\/wp\/v2\/posts\/152\/revisions"}],"predecessor-version":[{"id":154,"href":"https:\/\/vinasfm.com\/noticias\/wp-json\/wp\/v2\/posts\/152\/revisions\/154"}],"wp:featuredmedia":[{"embeddable":true,"href":"https:\/\/vinasfm.com\/noticias\/wp-json\/wp\/v2\/media\/153"}],"wp:attachment":[{"href":"https:\/\/vinasfm.com\/noticias\/wp-json\/wp\/v2\/media?parent=152"}],"wp:term":[{"taxonomy":"category","embeddable":true,"href":"https:\/\/vinasfm.com\/noticias\/wp-json\/wp\/v2\/categories?post=152"},{"taxonomy":"post_tag","embeddable":true,"href":"https:\/\/vinasfm.com\/noticias\/wp-json\/wp\/v2\/tags?post=152"}],"curies":[{"name":"wp","href":"https:\/\/api.w.org\/{rel}","templated":true}]}}