{"id":151998,"date":"2025-08-17T09:44:57","date_gmt":"2025-08-17T12:44:57","guid":{"rendered":"https:\/\/vinasfm.com\/noticias\/?p=151998"},"modified":"2025-08-18T10:30:24","modified_gmt":"2025-08-18T13:30:24","slug":"un-hombre-fue-detenido-por-alcoholemia-positiva","status":"publish","type":"post","link":"https:\/\/vinasfm.com\/noticias\/un-hombre-fue-detenido-por-alcoholemia-positiva\/","title":{"rendered":"UN HOMBRE FUE DETENIDO POR ALCOHOLEMIA POSITIVA\u00a0"},"content":{"rendered":"<h4><strong><span style=\"color: #003300;\"> En la madrugada del domingo, alrededor de las 04:40, personal de la Subjefatura Vial Zona Sur realizaba controles vehiculares en calle Caseros 367, jurisdicci\u00f3n de la Comisar\u00eda 14\u00b0, cuando procedi\u00f3 a la identificaci\u00f3n del conductor de un Chevrolet Corsa Classic.<\/span><\/strong><\/h4>\n<p>El hombre, de 47 a\u00f1os, fue sometido a un test de alcoholemia que arroj\u00f3 un resultado positivo de <strong>1,04 gramos de alcohol por litro de sangre<\/strong>, superando ampliamente el l\u00edmite permitido.<\/p>\n<p>Frente a esta situaci\u00f3n, los efectivos procedieron a la <strong>aprehensi\u00f3n del conductor por infracci\u00f3n al Art\u00edculo 67 Bis de la Ley 9099<\/strong>, adem\u00e1s de la <strong>retenci\u00f3n de su licencia de conducir<\/strong> y el <strong>secuestro del veh\u00edculo<\/strong>.<\/p>\n<p>El detenido qued\u00f3 a disposici\u00f3n del <strong>Juzgado de Paz y Contravencional de General Alvear<\/strong>.<\/p>\n<p>&nbsp;<\/p>\n","protected":false},"excerpt":{"rendered":"<p>En la madrugada del domingo, alrededor de las 04:40, personal de la Subjefatura Vial Zona Sur realizaba controles vehiculares en calle &#8230;<\/p>\n","protected":false},"author":7,"featured_media":151999,"comment_status":"open","ping_status":"open","sticky":false,"template":"","format":"standard","meta":{"footnotes":""},"categories":[4,56],"tags":[],"class_list":["post-151998","post","type-post","status-publish","format-standard","has-post-thumbnail","hentry","category-policiales","category-seguridad-vial"],"_links":{"self":[{"href":"https:\/\/vinasfm.com\/noticias\/wp-json\/wp\/v2\/posts\/151998","targetHints":{"allow":["GET"]}}],"collection":[{"href":"https:\/\/vinasfm.com\/noticias\/wp-json\/wp\/v2\/posts"}],"about":[{"href":"https:\/\/vinasfm.com\/noticias\/wp-json\/wp\/v2\/types\/post"}],"author":[{"embeddable":true,"href":"https:\/\/vinasfm.com\/noticias\/wp-json\/wp\/v2\/users\/7"}],"replies":[{"embeddable":true,"href":"https:\/\/vinasfm.com\/noticias\/wp-json\/wp\/v2\/comments?post=151998"}],"version-history":[{"count":1,"href":"https:\/\/vinasfm.com\/noticias\/wp-json\/wp\/v2\/posts\/151998\/revisions"}],"predecessor-version":[{"id":152008,"href":"https:\/\/vinasfm.com\/noticias\/wp-json\/wp\/v2\/posts\/151998\/revisions\/152008"}],"wp:featuredmedia":[{"embeddable":true,"href":"https:\/\/vinasfm.com\/noticias\/wp-json\/wp\/v2\/media\/151999"}],"wp:attachment":[{"href":"https:\/\/vinasfm.com\/noticias\/wp-json\/wp\/v2\/media?parent=151998"}],"wp:term":[{"taxonomy":"category","embeddable":true,"href":"https:\/\/vinasfm.com\/noticias\/wp-json\/wp\/v2\/categories?post=151998"},{"taxonomy":"post_tag","embeddable":true,"href":"https:\/\/vinasfm.com\/noticias\/wp-json\/wp\/v2\/tags?post=151998"}],"curies":[{"name":"wp","href":"https:\/\/api.w.org\/{rel}","templated":true}]}}