{"id":151981,"date":"2025-08-18T08:40:15","date_gmt":"2025-08-18T11:40:15","guid":{"rendered":"https:\/\/vinasfm.com\/noticias\/?p=151981"},"modified":"2025-08-19T10:05:20","modified_gmt":"2025-08-19T13:05:20","slug":"el-grupo-libertador-de-general-alvear-no-participara-en-las-proximas-elecciones","status":"publish","type":"post","link":"https:\/\/vinasfm.com\/noticias\/el-grupo-libertador-de-general-alvear-no-participara-en-las-proximas-elecciones\/","title":{"rendered":"EL GRUPO LIBERTADOR DE GENERAL ALVEAR NO PARTICIPAR\u00c1 EN LAS PR\u00d3XIMAS ELECCIONES"},"content":{"rendered":"<h4 data-start=\"173\" data-end=\"531\"><span style=\"color: #003300;\"><strong>El Grupo Libertador General Alvear anunci\u00f3 p\u00fablicamente que no presentar\u00e1 candidatos en las pr\u00f3ximas elecciones. La decisi\u00f3n, seg\u00fan explicaron en un comunicado de prensa, se debe a la convicci\u00f3n de que sus principios e ideales \u201cno son objeto de negociaci\u00f3n y constituyen la base inquebrantable\u201d de su acci\u00f3n pol\u00edtica.<\/strong><\/span><\/h4>\n<p data-start=\"533\" data-end=\"851\">Desde el espacio agradecieron a quienes participaron en las charlas y encuentros previos, destacando el compromiso ciudadano. Adem\u00e1s, ratificaron su voluntad de seguir trabajando <em><strong>\u201ccon responsabilidad y firmeza en favor del desarrollo y el bienestar de la comunidad, honrando siempre los valores que nos representan\u201d.<\/strong><\/em><\/p>\n<p data-start=\"853\" data-end=\"1050\">El comunicado, difundido este domingo, reafirma que aunque no estar\u00e1n en la contienda electoral, el <span style=\"color: #800080;\"><strong>Grupo Libertador<\/strong><\/span> continuar\u00e1 impulsando actividades y proyectos vinculados al crecimiento local.<\/p>\n<h2 data-start=\"853\" data-end=\"1050\">EL COMUNICADO:<\/h2>\n<hr \/>\n<p><a href=\"https:\/\/vinasfm.com\/noticias\/wp-content\/uploads\/2025\/08\/IMG-20250817-WA0112.jpg\"><img loading=\"lazy\" decoding=\"async\" class=\"wp-image-151979 aligncenter\" src=\"https:\/\/vinasfm.com\/noticias\/wp-content\/uploads\/2025\/08\/IMG-20250817-WA0112-724x1024.jpg\" alt=\"\" width=\"600\" height=\"848\" srcset=\"https:\/\/vinasfm.com\/noticias\/wp-content\/uploads\/2025\/08\/IMG-20250817-WA0112-724x1024.jpg 724w, https:\/\/vinasfm.com\/noticias\/wp-content\/uploads\/2025\/08\/IMG-20250817-WA0112-212x300.jpg 212w, https:\/\/vinasfm.com\/noticias\/wp-content\/uploads\/2025\/08\/IMG-20250817-WA0112-768x1086.jpg 768w, https:\/\/vinasfm.com\/noticias\/wp-content\/uploads\/2025\/08\/IMG-20250817-WA0112-1087x1536.jpg 1087w, https:\/\/vinasfm.com\/noticias\/wp-content\/uploads\/2025\/08\/IMG-20250817-WA0112.jpg 1132w\" sizes=\"auto, (max-width: 600px) 100vw, 600px\" \/><\/a><\/p>\n","protected":false},"excerpt":{"rendered":"<p>El Grupo Libertador General Alvear anunci\u00f3 p\u00fablicamente que no presentar\u00e1 candidatos en las pr\u00f3ximas elecciones. La decisi\u00f3n, seg\u00fan explicaron en un &#8230;<\/p>\n","protected":false},"author":7,"featured_media":151982,"comment_status":"open","ping_status":"open","sticky":false,"template":"","format":"standard","meta":{"footnotes":""},"categories":[23,7],"tags":[],"class_list":["post-151981","post","type-post","status-publish","format-standard","has-post-thumbnail","hentry","category-elecciones","category-politica"],"_links":{"self":[{"href":"https:\/\/vinasfm.com\/noticias\/wp-json\/wp\/v2\/posts\/151981","targetHints":{"allow":["GET"]}}],"collection":[{"href":"https:\/\/vinasfm.com\/noticias\/wp-json\/wp\/v2\/posts"}],"about":[{"href":"https:\/\/vinasfm.com\/noticias\/wp-json\/wp\/v2\/types\/post"}],"author":[{"embeddable":true,"href":"https:\/\/vinasfm.com\/noticias\/wp-json\/wp\/v2\/users\/7"}],"replies":[{"embeddable":true,"href":"https:\/\/vinasfm.com\/noticias\/wp-json\/wp\/v2\/comments?post=151981"}],"version-history":[{"count":1,"href":"https:\/\/vinasfm.com\/noticias\/wp-json\/wp\/v2\/posts\/151981\/revisions"}],"predecessor-version":[{"id":151983,"href":"https:\/\/vinasfm.com\/noticias\/wp-json\/wp\/v2\/posts\/151981\/revisions\/151983"}],"wp:featuredmedia":[{"embeddable":true,"href":"https:\/\/vinasfm.com\/noticias\/wp-json\/wp\/v2\/media\/151982"}],"wp:attachment":[{"href":"https:\/\/vinasfm.com\/noticias\/wp-json\/wp\/v2\/media?parent=151981"}],"wp:term":[{"taxonomy":"category","embeddable":true,"href":"https:\/\/vinasfm.com\/noticias\/wp-json\/wp\/v2\/categories?post=151981"},{"taxonomy":"post_tag","embeddable":true,"href":"https:\/\/vinasfm.com\/noticias\/wp-json\/wp\/v2\/tags?post=151981"}],"curies":[{"name":"wp","href":"https:\/\/api.w.org\/{rel}","templated":true}]}}