{"id":151963,"date":"2025-08-15T12:15:50","date_gmt":"2025-08-15T15:15:50","guid":{"rendered":"https:\/\/vinasfm.com\/noticias\/?p=151963"},"modified":"2025-08-18T09:51:22","modified_gmt":"2025-08-18T12:51:22","slug":"paritarias-vitivinicolas-foeva-pide-2-mensual-y-20-000-no-remunerativos-por-6-meses","status":"publish","type":"post","link":"https:\/\/vinasfm.com\/noticias\/paritarias-vitivinicolas-foeva-pide-2-mensual-y-20-000-no-remunerativos-por-6-meses\/","title":{"rendered":"PARITARIAS VITIVIN\u00cdCOLAS: FOEVA PIDE 2% MENSUAL Y $20.000 NO REMUNERATIVOS POR 6 MESES"},"content":{"rendered":"<h4 dir=\"ltr\"><strong>Este mi\u00e9rcoles 13 de agosto se realiz\u00f3 en Mendoza la primera reuni\u00f3n de la negociaci\u00f3n paritaria 2025 entre la Federaci\u00f3n de Obreros y Empleados Vitivin\u00edcolas y Afines (FOEVA) y las c\u00e1maras empresarias del sector bodeguero y de vi\u00f1a.<\/strong><\/h4>\n<p dir=\"ltr\">En el encuentro, FOEVA present\u00f3 su pedido:\u00a0un aumento del 2% mensual y una suma no remunerativa de $20.000 durante los pr\u00f3ximos seis meses. Seg\u00fan explic\u00f3 el secretario de prensa del gremio, Daniel Romero, el reclamo busca<em><strong> \u201cacompa\u00f1ar la inflaci\u00f3n real y el costo de la canasta b\u00e1sica, que est\u00e1n muy por encima de los l\u00edmites que impone el Gobierno nacional\u201d<\/strong><\/em>.<\/p>\n<p dir=\"ltr\"><i>\u201cLas c\u00e1maras vitivin\u00edcolas toman la palabra del Gobierno de que la inflaci\u00f3n es baja, pero eso no se condice con la realidad diaria de los trabajadores. As\u00ed es imposible negociar un aumento\u201d<\/i>, advirti\u00f3 Romero.<\/p>\n<p dir=\"ltr\"><em><strong>\u201cEl a\u00f1o pasado estuvimos seis meses sin aumento porque las c\u00e1maras se ampararon en un \u00edndice oficial del 2% para frenar cualquier ajuste\u201d<\/strong><\/em>, agreg\u00f3.<\/p>\n<p dir=\"ltr\">La negociaci\u00f3n se complica por la multiplicidad de actores: el sector bodeguero est\u00e1 representado por 10 c\u00e1maras y el de vi\u00f1a por 9, lo que genera dos mesas con realidades productivas distintas y condicionamientos cruzados.<\/p>\n<p dir=\"ltr\">En esta primera audiencia, el sector empresario calific\u00f3 el pedido como \u201crazonable\u201d pero solicit\u00f3 tiempo para consultarlo con sus representados. La pr\u00f3xima reuni\u00f3n se fij\u00f3 para el\u00a028 de agosto a las 10:30.<\/p>\n<p dir=\"ltr\">FOEVA est\u00e1 disponible para analizar el impacto que tendr\u00e1 el resultado de esta negociaci\u00f3n en los salarios, la competitividad del sector y la cadena de valor vitivin\u00edcola.<\/p>\n","protected":false},"excerpt":{"rendered":"<p>Este mi\u00e9rcoles 13 de agosto se realiz\u00f3 en Mendoza la primera reuni\u00f3n de la negociaci\u00f3n paritaria 2025 entre la Federaci\u00f3n de &#8230;<\/p>\n","protected":false},"author":7,"featured_media":119714,"comment_status":"open","ping_status":"open","sticky":false,"template":"","format":"standard","meta":{"footnotes":""},"categories":[14,77],"tags":[],"class_list":["post-151963","post","type-post","status-publish","format-standard","has-post-thumbnail","hentry","category-agro","category-gobierno"],"_links":{"self":[{"href":"https:\/\/vinasfm.com\/noticias\/wp-json\/wp\/v2\/posts\/151963","targetHints":{"allow":["GET"]}}],"collection":[{"href":"https:\/\/vinasfm.com\/noticias\/wp-json\/wp\/v2\/posts"}],"about":[{"href":"https:\/\/vinasfm.com\/noticias\/wp-json\/wp\/v2\/types\/post"}],"author":[{"embeddable":true,"href":"https:\/\/vinasfm.com\/noticias\/wp-json\/wp\/v2\/users\/7"}],"replies":[{"embeddable":true,"href":"https:\/\/vinasfm.com\/noticias\/wp-json\/wp\/v2\/comments?post=151963"}],"version-history":[{"count":1,"href":"https:\/\/vinasfm.com\/noticias\/wp-json\/wp\/v2\/posts\/151963\/revisions"}],"predecessor-version":[{"id":151964,"href":"https:\/\/vinasfm.com\/noticias\/wp-json\/wp\/v2\/posts\/151963\/revisions\/151964"}],"wp:featuredmedia":[{"embeddable":true,"href":"https:\/\/vinasfm.com\/noticias\/wp-json\/wp\/v2\/media\/119714"}],"wp:attachment":[{"href":"https:\/\/vinasfm.com\/noticias\/wp-json\/wp\/v2\/media?parent=151963"}],"wp:term":[{"taxonomy":"category","embeddable":true,"href":"https:\/\/vinasfm.com\/noticias\/wp-json\/wp\/v2\/categories?post=151963"},{"taxonomy":"post_tag","embeddable":true,"href":"https:\/\/vinasfm.com\/noticias\/wp-json\/wp\/v2\/tags?post=151963"}],"curies":[{"name":"wp","href":"https:\/\/api.w.org\/{rel}","templated":true}]}}