{"id":151900,"date":"2025-08-14T08:42:55","date_gmt":"2025-08-14T11:42:55","guid":{"rendered":"https:\/\/vinasfm.com\/noticias\/?p=151900"},"modified":"2025-08-15T10:01:04","modified_gmt":"2025-08-15T13:01:04","slug":"futbol-general-alvear-en-lo-mas-alto-de-la-copa-pais","status":"publish","type":"post","link":"https:\/\/vinasfm.com\/noticias\/futbol-general-alvear-en-lo-mas-alto-de-la-copa-pais\/","title":{"rendered":"F\u00daTBOL: GENERAL ALVEAR EN LO M\u00c1S ALTO DE LA COPA PA\u00cdS"},"content":{"rendered":"<h4><strong>La Selecci\u00f3n alvearense igualo 2 a 2 con la Liga Mendocina ( El global qued\u00f3 5 a 2) y de esta manera sell\u00f3 su pase a la semifinal de la Copa Pa\u00eds.<\/strong><\/h4>\n<p>Herrera y Funes fueron los goles convertidos por el seleccionado.<\/p>\n<p>El pr\u00f3ximo rival ser\u00e1 la selecci\u00f3n de Villa Mercedes representando a la provincia de San Luis, Alvear definir\u00e1 de local en nuestro departamento.<\/p>\n","protected":false},"excerpt":{"rendered":"<p>La Selecci\u00f3n alvearense igualo 2 a 2 con la Liga Mendocina ( El global qued\u00f3 5 a 2) y de esta &#8230;<\/p>\n","protected":false},"author":7,"featured_media":151903,"comment_status":"open","ping_status":"open","sticky":false,"template":"","format":"standard","meta":{"footnotes":""},"categories":[3,10],"tags":[],"class_list":["post-151900","post","type-post","status-publish","format-standard","has-post-thumbnail","hentry","category-deportes","category-destacadas"],"_links":{"self":[{"href":"https:\/\/vinasfm.com\/noticias\/wp-json\/wp\/v2\/posts\/151900","targetHints":{"allow":["GET"]}}],"collection":[{"href":"https:\/\/vinasfm.com\/noticias\/wp-json\/wp\/v2\/posts"}],"about":[{"href":"https:\/\/vinasfm.com\/noticias\/wp-json\/wp\/v2\/types\/post"}],"author":[{"embeddable":true,"href":"https:\/\/vinasfm.com\/noticias\/wp-json\/wp\/v2\/users\/7"}],"replies":[{"embeddable":true,"href":"https:\/\/vinasfm.com\/noticias\/wp-json\/wp\/v2\/comments?post=151900"}],"version-history":[{"count":1,"href":"https:\/\/vinasfm.com\/noticias\/wp-json\/wp\/v2\/posts\/151900\/revisions"}],"predecessor-version":[{"id":151905,"href":"https:\/\/vinasfm.com\/noticias\/wp-json\/wp\/v2\/posts\/151900\/revisions\/151905"}],"wp:featuredmedia":[{"embeddable":true,"href":"https:\/\/vinasfm.com\/noticias\/wp-json\/wp\/v2\/media\/151903"}],"wp:attachment":[{"href":"https:\/\/vinasfm.com\/noticias\/wp-json\/wp\/v2\/media?parent=151900"}],"wp:term":[{"taxonomy":"category","embeddable":true,"href":"https:\/\/vinasfm.com\/noticias\/wp-json\/wp\/v2\/categories?post=151900"},{"taxonomy":"post_tag","embeddable":true,"href":"https:\/\/vinasfm.com\/noticias\/wp-json\/wp\/v2\/tags?post=151900"}],"curies":[{"name":"wp","href":"https:\/\/api.w.org\/{rel}","templated":true}]}}