{"id":151896,"date":"2025-08-14T08:36:40","date_gmt":"2025-08-14T11:36:40","guid":{"rendered":"https:\/\/vinasfm.com\/noticias\/?p=151896"},"modified":"2025-08-15T10:04:40","modified_gmt":"2025-08-15T13:04:40","slug":"fin-de-semana-largo-es-o-no-es-feriado-el-viernes-15-de-agosto-y-como-afecta-a-los-trabajadores","status":"publish","type":"post","link":"https:\/\/vinasfm.com\/noticias\/fin-de-semana-largo-es-o-no-es-feriado-el-viernes-15-de-agosto-y-como-afecta-a-los-trabajadores\/","title":{"rendered":"FIN DE SEMANA LARGO: ES O NO ES FERIADO EL VIERNES 15 DE AGOSTO Y C\u00d3MO AFECTA A LOS TRABAJADORES"},"content":{"rendered":"<h4><strong><span style=\"color: #003300;\">La jornada fue designada como \u201cd\u00eda no laborable con fines tur\u00edsticos\u201d y tiene como objetivo impulsar el turismo interno.<\/span><\/strong><\/h4>\n<p>Con la llegada de agosto, crece la duda entre trabajadores y empleadores:\u00a0<strong>\u00bfel viernes 15 es feriado o es d\u00eda no laborable?<\/strong>\u00a0La diferencia es clave, ya que de ello depende si se podr\u00e1 disfrutar de un fin de semana largo o no.<\/p>\n<p>Seg\u00fan el\u00a0<strong>calendario oficial de feriados<\/strong>\u00a0publicado por el Gobierno, este a\u00f1o el\u00a0<strong>15 de agosto ser\u00e1 un \u201cd\u00eda no laborable con fines tur\u00edsticos\u201d<\/strong>, una disposici\u00f3n contemplada en la\u00a0<strong>Ley 27.399<\/strong>, que habilita al Poder Ejecutivo a fijar hasta tres jornadas de este tipo anualmente para fomentar el turismo interno.<\/p>\n<aside class=\"scaip scaip-2    \">\n<div class=\"newspack_global_ad scaip-2\">\n<div id=\"div-gpt-ad-f46184df3d-0\" data-google-query-id=\"CPnYuJ-aio8DFTpMuAQdYNwSxw\">\n<p>La elecci\u00f3n de esta fecha est\u00e1 relacionada con la cercan\u00eda del\u00a0<strong>domingo 17 de agosto<\/strong>,\u00a0<strong>D\u00eda del Paso a la Inmortalidad del General Jos\u00e9 de San Mart\u00edn<\/strong>. Aunque este feriado es trasladable, en 2025 cae domingo y no se modifica de d\u00eda, lo que llev\u00f3 a sumar el viernes anterior como jornada \u201cno laborable\u201d para incentivar escapadas y viajes de corta distancia. Lo cierto es que muchos rubros trabajar\u00e1n normalmente.<\/p>\n<h2 id=\"h-feriado-vs-dia-no-laborable\" class=\"wp-block-heading\">Feriado vs. d\u00eda no laborable<\/h2>\n<p>En un\u00a0<strong>feriado nacional<\/strong>\u00a0todos los trabajadores tienen derecho al descanso obligatorio. Si el empleador requiere su presencia, debe pagar el doble de la jornada habitual, tal como establece la\u00a0<strong>Ley de Contrato de Trabajo N.\u00ba 20.744<\/strong>.<\/p>\n<p>En cambio, un\u00a0<strong>d\u00eda no laborable<\/strong>\u00a0es optativo para el empleador. Esto significa que las empresas pueden decidir si se trabaja o no, y si la actividad es normal, el pago ser\u00e1 el mismo que cualquier otra jornada, sin adicionales.<\/p>\n<\/div>\n<\/div>\n<\/aside>\n","protected":false},"excerpt":{"rendered":"<p>La jornada fue designada como \u201cd\u00eda no laborable con fines tur\u00edsticos\u201d y tiene como objetivo impulsar el turismo interno. Con la &#8230;<\/p>\n","protected":false},"author":7,"featured_media":151897,"comment_status":"open","ping_status":"open","sticky":false,"template":"","format":"standard","meta":{"footnotes":""},"categories":[5,10],"tags":[],"class_list":["post-151896","post","type-post","status-publish","format-standard","has-post-thumbnail","hentry","category-actualidad","category-destacadas"],"_links":{"self":[{"href":"https:\/\/vinasfm.com\/noticias\/wp-json\/wp\/v2\/posts\/151896","targetHints":{"allow":["GET"]}}],"collection":[{"href":"https:\/\/vinasfm.com\/noticias\/wp-json\/wp\/v2\/posts"}],"about":[{"href":"https:\/\/vinasfm.com\/noticias\/wp-json\/wp\/v2\/types\/post"}],"author":[{"embeddable":true,"href":"https:\/\/vinasfm.com\/noticias\/wp-json\/wp\/v2\/users\/7"}],"replies":[{"embeddable":true,"href":"https:\/\/vinasfm.com\/noticias\/wp-json\/wp\/v2\/comments?post=151896"}],"version-history":[{"count":1,"href":"https:\/\/vinasfm.com\/noticias\/wp-json\/wp\/v2\/posts\/151896\/revisions"}],"predecessor-version":[{"id":151898,"href":"https:\/\/vinasfm.com\/noticias\/wp-json\/wp\/v2\/posts\/151896\/revisions\/151898"}],"wp:featuredmedia":[{"embeddable":true,"href":"https:\/\/vinasfm.com\/noticias\/wp-json\/wp\/v2\/media\/151897"}],"wp:attachment":[{"href":"https:\/\/vinasfm.com\/noticias\/wp-json\/wp\/v2\/media?parent=151896"}],"wp:term":[{"taxonomy":"category","embeddable":true,"href":"https:\/\/vinasfm.com\/noticias\/wp-json\/wp\/v2\/categories?post=151896"},{"taxonomy":"post_tag","embeddable":true,"href":"https:\/\/vinasfm.com\/noticias\/wp-json\/wp\/v2\/tags?post=151896"}],"curies":[{"name":"wp","href":"https:\/\/api.w.org\/{rel}","templated":true}]}}