{"id":151866,"date":"2025-08-13T10:03:36","date_gmt":"2025-08-13T13:03:36","guid":{"rendered":"https:\/\/vinasfm.com\/noticias\/?p=151866"},"modified":"2025-08-14T08:42:51","modified_gmt":"2025-08-14T11:42:51","slug":"general-alvear-y-la-uncuyo-renuevan-convenio-para-dictar-la-septima-cohorte-de-la-licenciatura-en-negocios-regionales","status":"publish","type":"post","link":"https:\/\/vinasfm.com\/noticias\/general-alvear-y-la-uncuyo-renuevan-convenio-para-dictar-la-septima-cohorte-de-la-licenciatura-en-negocios-regionales\/","title":{"rendered":"GENERAL ALVEAR Y LA UNCUYO RENUEVAN CONVENIO PARA DICTAR LA S\u00c9PTIMA COHORTE DE LA LICENCIATURA EN NEGOCIOS REGIONALES"},"content":{"rendered":"<h4><span style=\"color: #003300;\"><strong>En el marco de la inauguraci\u00f3n de las 60\u00b0 Olimpiadas de la Escuela de Agricultura, la Municipalidad de General Alvear y la Universidad Nacional de Cuyo (UNCuyo) firmaron un convenio espec\u00edfico para la implementaci\u00f3n de la S\u00e9ptima Cohorte del Ciclo de Licenciatura en Negocios Regionales, dictado por la Facultad de Ciencias Econ\u00f3micas, en el marco del Programa de Territorializaci\u00f3n de la Coordinaci\u00f3n de Desarrollo Territorial de la UNCuyo.<\/strong><\/span><\/h4>\n<p>El acuerdo establece que la <em>Facultad de Ciencias Econ\u00f3micas y el Instituto Tecnol\u00f3gico Universitario<\/em> (ITU) coordinar\u00e1n las acciones previstas, bajo supervisi\u00f3n de la <strong>Coordinaci\u00f3n de Desarrollo Territorial<\/strong>, perteneciente al \u00e1rea de<strong> Vinculaci\u00f3n y Transferencia Tecnol\u00f3gica del Vicerrectorado<\/strong>. Las clases se dictar\u00e1n en la sede del ITU en General Alvear, ubicada en Chapeaurouge 163.<\/p>\n<p>El ITU garantizar\u00e1 las condiciones de higiene y seguridad para los estudiantes, mientras que la Municipalidad se compromete a colaborar en la implementaci\u00f3n y difusi\u00f3n de la propuesta acad\u00e9mica.<br \/>\nDespu\u00e9s de la firma, el intendente <span style=\"color: #003366;\"><strong>Alejandro Molero<\/strong> <\/span>destac\u00f3 la continuidad de la carrera en el departamento: <em><strong>\u201ces un orgullo que la s\u00e9ptima cohorte de la Licenciatura en Negocios Regionales vuelva a dictarse en General Alvear. Es una carrera exitosa, con buena adhesi\u00f3n, que ampl\u00eda la oferta educativa local y fortalece el desarrollo de la educaci\u00f3n superior. Pr\u00f3ximamente inauguraremos el campus educativo, que tambi\u00e9n estar\u00e1 a disposici\u00f3n de la universidad para nuevas iniciativas acad\u00e9micas\u201d<\/strong><\/em>, afirm\u00f3.<\/p>\n<p><a href=\"https:\/\/vinasfm.com\/noticias\/wp-content\/uploads\/2025\/08\/IMG-20250813-WA0103.jpg\"><img loading=\"lazy\" decoding=\"async\" class=\"alignnone wp-image-151868\" src=\"https:\/\/vinasfm.com\/noticias\/wp-content\/uploads\/2025\/08\/IMG-20250813-WA0103-1024x684.jpg\" alt=\"\" width=\"360\" height=\"240\" srcset=\"https:\/\/vinasfm.com\/noticias\/wp-content\/uploads\/2025\/08\/IMG-20250813-WA0103-1024x684.jpg 1024w, https:\/\/vinasfm.com\/noticias\/wp-content\/uploads\/2025\/08\/IMG-20250813-WA0103-300x200.jpg 300w, https:\/\/vinasfm.com\/noticias\/wp-content\/uploads\/2025\/08\/IMG-20250813-WA0103-768x513.jpg 768w, https:\/\/vinasfm.com\/noticias\/wp-content\/uploads\/2025\/08\/IMG-20250813-WA0103-1536x1025.jpg 1536w, https:\/\/vinasfm.com\/noticias\/wp-content\/uploads\/2025\/08\/IMG-20250813-WA0103.jpg 1600w\" sizes=\"auto, (max-width: 360px) 100vw, 360px\" \/><\/a> <a href=\"https:\/\/vinasfm.com\/noticias\/wp-content\/uploads\/2025\/08\/IMG-20250813-WA0091.jpg\"><img loading=\"lazy\" decoding=\"async\" class=\"alignnone wp-image-151867\" src=\"https:\/\/vinasfm.com\/noticias\/wp-content\/uploads\/2025\/08\/IMG-20250813-WA0091-1024x684.jpg\" alt=\"\" width=\"360\" height=\"240\" srcset=\"https:\/\/vinasfm.com\/noticias\/wp-content\/uploads\/2025\/08\/IMG-20250813-WA0091-1024x684.jpg 1024w, https:\/\/vinasfm.com\/noticias\/wp-content\/uploads\/2025\/08\/IMG-20250813-WA0091-300x200.jpg 300w, https:\/\/vinasfm.com\/noticias\/wp-content\/uploads\/2025\/08\/IMG-20250813-WA0091-768x513.jpg 768w, https:\/\/vinasfm.com\/noticias\/wp-content\/uploads\/2025\/08\/IMG-20250813-WA0091-1536x1025.jpg 1536w, https:\/\/vinasfm.com\/noticias\/wp-content\/uploads\/2025\/08\/IMG-20250813-WA0091.jpg 1600w\" sizes=\"auto, (max-width: 360px) 100vw, 360px\" \/><\/a><\/p>\n<p>Por su parte, la <em>rectora de la UNCuyo<\/em>, <span style=\"color: #003366;\"><strong>Esther S\u00e1nchez<\/strong><\/span>, subray\u00f3 la importancia de la propuesta para la regi\u00f3n: <em><strong>\u201cesta licenciatura es una forma en que la universidad responde a las necesidades de la sociedad, formando profesionales que gestionen negocios con calidad acad\u00e9mica y compromiso social. Celebramos poder continuar dict\u00e1ndola en General Alvear, cumpliendo un proyecto que venimos trabajando junto al municipio desde hace tiempo\u201d.<\/strong><\/em><\/p>\n<p>La firma de este convenio ratifica el v\u00ednculo institucional entre el municipio alvearense y la UNCuyo, orientado a ampliar el acceso a la educaci\u00f3n universitaria p\u00fablica y gratuita en el sur mendocino.<\/p>\n","protected":false},"excerpt":{"rendered":"<p>En el marco de la inauguraci\u00f3n de las 60\u00b0 Olimpiadas de la Escuela de Agricultura, la Municipalidad de General Alvear y &#8230;<\/p>\n","protected":false},"author":7,"featured_media":151869,"comment_status":"open","ping_status":"open","sticky":false,"template":"","format":"standard","meta":{"footnotes":""},"categories":[5,18],"tags":[],"class_list":["post-151866","post","type-post","status-publish","format-standard","has-post-thumbnail","hentry","category-actualidad","category-educacion"],"_links":{"self":[{"href":"https:\/\/vinasfm.com\/noticias\/wp-json\/wp\/v2\/posts\/151866","targetHints":{"allow":["GET"]}}],"collection":[{"href":"https:\/\/vinasfm.com\/noticias\/wp-json\/wp\/v2\/posts"}],"about":[{"href":"https:\/\/vinasfm.com\/noticias\/wp-json\/wp\/v2\/types\/post"}],"author":[{"embeddable":true,"href":"https:\/\/vinasfm.com\/noticias\/wp-json\/wp\/v2\/users\/7"}],"replies":[{"embeddable":true,"href":"https:\/\/vinasfm.com\/noticias\/wp-json\/wp\/v2\/comments?post=151866"}],"version-history":[{"count":2,"href":"https:\/\/vinasfm.com\/noticias\/wp-json\/wp\/v2\/posts\/151866\/revisions"}],"predecessor-version":[{"id":151871,"href":"https:\/\/vinasfm.com\/noticias\/wp-json\/wp\/v2\/posts\/151866\/revisions\/151871"}],"wp:featuredmedia":[{"embeddable":true,"href":"https:\/\/vinasfm.com\/noticias\/wp-json\/wp\/v2\/media\/151869"}],"wp:attachment":[{"href":"https:\/\/vinasfm.com\/noticias\/wp-json\/wp\/v2\/media?parent=151866"}],"wp:term":[{"taxonomy":"category","embeddable":true,"href":"https:\/\/vinasfm.com\/noticias\/wp-json\/wp\/v2\/categories?post=151866"},{"taxonomy":"post_tag","embeddable":true,"href":"https:\/\/vinasfm.com\/noticias\/wp-json\/wp\/v2\/tags?post=151866"}],"curies":[{"name":"wp","href":"https:\/\/api.w.org\/{rel}","templated":true}]}}