{"id":151813,"date":"2025-08-12T10:20:55","date_gmt":"2025-08-12T13:20:55","guid":{"rendered":"https:\/\/vinasfm.com\/noticias\/?p=151813"},"modified":"2025-08-13T09:54:29","modified_gmt":"2025-08-13T12:54:29","slug":"cinco-x-funcionarios-de-paco-perez-van-a-juicio-por-truchar-facturas-para-el-estado","status":"publish","type":"post","link":"https:\/\/vinasfm.com\/noticias\/cinco-x-funcionarios-de-paco-perez-van-a-juicio-por-truchar-facturas-para-el-estado\/","title":{"rendered":"CINCO EX FUNCIONARIOS DE PACO P\u00c9REZ VAN A JUICIO POR TRUCHAR FACTURAS PARA EL ESTADO"},"content":{"rendered":"<div class=\"article-sub-title \">\n<h4 class=\"ignore-parser\">Trabajaban en la Direcci\u00f3n de Ganader\u00eda en la gesti\u00f3n del ex gobernador peronista y se los acusa de falsear facturas de supuestos proveedores del Estado.<\/h4>\n<article class=\"article-body first\">\n<div class=\"article-content\">\n<div class=\"cuerpo\" data-twitter-link=\"\">\n<p>Cinco<strong>\u00a0ex funcionarios<\/strong>\u00a0de la gesti\u00f3n de<strong><a href=\"https:\/\/www.diariouno.com.ar\/tags\/francisco-perez\" target=\"current\" rel=\"follow\">\u00a0Francisco Paco P\u00e9rez\u00a0<\/a><\/strong>llegan a juicio este martes\u00a0<strong>acusados de corrupci\u00f3n<\/strong>. Seg\u00fan la causa se pudo comprobar que en el ejercicio del 2013 trucharon facturas de presuntos proveedores de la Direcci\u00f3n de Ganader\u00eda que prestaban servicios inexistentes.<\/p>\n<\/div>\n<\/div>\n<\/article>\n<article class=\"article-body\">\n<div class=\"article-content\">\n<div class=\"cuerpo\" data-twitter-link=\"\">\n<p>Se trata del ex director de Ganader\u00eda,\u00a0<strong>Juan Manuel Tejada<\/strong>;\u00a0<strong>Rodolfo Daniel Narv\u00e1ez<\/strong>\u00a0que en aquel momento era Jefe de la Divisi\u00f3n Habilitaci\u00f3n,<strong>\u00a0Andrea Lois<\/strong>, encargada de las imputaciones contables y emisi\u00f3n de cheques,\u00a0<strong>Graciela Mar\u00eda Segura<\/strong>\u00a0y\u00a0<strong>Javier Romo<\/strong>, encargado de compras.<\/p>\n<p>De la investigaci\u00f3n se desprende que esos ex funcionarios usaron facturas falsificadas expedidas por diversos monotributistas en las cuales se acreditaba la prestaci\u00f3n de supuestos servicios a favor de la Direcci\u00f3n de Ganader\u00eda de Mendoza. Las acusaciones formales contra ellos son por los delitos de\u00a0<strong>malversaci\u00f3n de caudales p\u00fablicos culposa<\/strong>\u00a0y\u00a0<strong>fraude a la administraci\u00f3n p\u00fablica<\/strong>.<\/p>\n<p>El\u00a0<strong>delito de malversaci\u00f3n de caudales p\u00fablicos culposa<\/strong>\u00a0y\u00a0<strong>fraude a la administraci\u00f3n p\u00fablica<\/strong>. Ante la Justicia, los titulares de esas facturas confirmaron que nunca fueron proveedores de esa dependencia, ni haber impreso sus facturas en la imprenta que figura en las facturas presentadas e investigadas.<\/p>\n<p>El fraude que se les imputa, calculado sobre los valores del 2013 asciende a\u00a0<strong class=\"\" data-start-index=\"72\">$ 252.903,72,\u00a0<\/strong>cifra que habr\u00eda que actualizar a los valores actuales. Eso se desprende del c\u00e1lculo de un lucro indebido en perjuicio del Estado Provincial, obtenido a trav\u00e9s de\u00a0<strong class=\"\" data-start-index=\"285\">cincuenta y seis (56) operaciones fraudulentas.<\/strong><\/p>\n<p>En el expediente tambi\u00e9n se menciona un pago de<strong>\u00a0$6.794.690,03 a la Fundaci\u00f3n Coprosamen<\/strong>, el cual present\u00f3 deficiencias formales y un procedimiento administrativo irregular, lo que tambi\u00e9n es considerado como un elemento de prueba en la causa.<\/p>\n<h2>Acusaciones y penas que arriesgan los exfuncionarios de Paco P\u00e9rez<\/h2>\n<p>En la causa P-97.124\/14 constan los delitos que se les endilgan a los 5 ex funcionarios de<strong>\u00a0Paco P\u00e9rez<\/strong>, acusados de malversaci\u00f3n de fondos.<\/p>\n<p>Ese delito est\u00e1 tipificado en el art\u00edculo 174, inciso 5 del C\u00f3digo Penal, en donde se especifica que la pena a quien fuera encontrado culpable es de\u00a0<strong>dos a seis a\u00f1os de prisi\u00f3n<\/strong>, para quien \u00abcometiere fraude en perjuicio de alguna administraci\u00f3n p\u00fablica\u00bb.<\/p>\n<p>Seg\u00fan la causa las imputaciones son:<\/p>\n<ul>\n<li>\u00a0<strong>Graciela Mar\u00eda Segura:<\/strong>\u00a0se le imputa el delito de\u00a0Fraude a la Administraci\u00f3n P\u00fablica en la modalidad de Estafa. Adicionalmente, se le encuentra adecuaci\u00f3n t\u00edpica en las previsiones del art\u00edculo 262 del C\u00f3digo Penal\u00a0<strong class=\"\" data-start-index=\"272\">el delito de Malversaci\u00f3n de Caudales P\u00fablicos Culposo<\/strong>.<\/li>\n<li>\u00a0<strong class=\"\" data-start-index=\"360\">Juan Manuel Tejada<\/strong>: est\u00e1 imputado de\u00a0Fraude a la Administraci\u00f3n P\u00fablica en la modalidad de Estafa.<\/li>\n<\/ul>\n<ul>\n<li><strong>Javier Amado Romo:<\/strong>\u00a0tambi\u00e9n est\u00e1 acusado de\u00a0Fraude a la Administraci\u00f3n P\u00fablica en la modalidad de Estafa.<\/li>\n<li><strong>\u00a0Andrea Lorena Marian Lois<\/strong>: est\u00e1 acusada del delito de\u00a0Fraude a la Administraci\u00f3n P\u00fablica en la modalidad de Estafa.<\/li>\n<li><strong>Daniel Rodolfo Narvaez:\u00a0<\/strong>se le imputa el delito de\u00a0Fraude a la Administraci\u00f3n P\u00fablica en la modalidad de Estafa.<\/li>\n<\/ul>\n<\/div>\n<\/div>\n<\/article>\n<\/div>\n<div class=\"autor-y-compartir-wrapper\">\n<div class=\"author-wrapper d-flex flex-row align-items-center\"><\/div>\n<\/div>\n","protected":false},"excerpt":{"rendered":"<p>Trabajaban en la Direcci\u00f3n de Ganader\u00eda en la gesti\u00f3n del ex gobernador peronista y se los acusa de falsear facturas de &#8230;<\/p>\n","protected":false},"author":7,"featured_media":151815,"comment_status":"open","ping_status":"open","sticky":false,"template":"","format":"standard","meta":{"footnotes":""},"categories":[10,22],"tags":[],"class_list":["post-151813","post","type-post","status-publish","format-standard","has-post-thumbnail","hentry","category-destacadas","category-justicia"],"_links":{"self":[{"href":"https:\/\/vinasfm.com\/noticias\/wp-json\/wp\/v2\/posts\/151813","targetHints":{"allow":["GET"]}}],"collection":[{"href":"https:\/\/vinasfm.com\/noticias\/wp-json\/wp\/v2\/posts"}],"about":[{"href":"https:\/\/vinasfm.com\/noticias\/wp-json\/wp\/v2\/types\/post"}],"author":[{"embeddable":true,"href":"https:\/\/vinasfm.com\/noticias\/wp-json\/wp\/v2\/users\/7"}],"replies":[{"embeddable":true,"href":"https:\/\/vinasfm.com\/noticias\/wp-json\/wp\/v2\/comments?post=151813"}],"version-history":[{"count":2,"href":"https:\/\/vinasfm.com\/noticias\/wp-json\/wp\/v2\/posts\/151813\/revisions"}],"predecessor-version":[{"id":151862,"href":"https:\/\/vinasfm.com\/noticias\/wp-json\/wp\/v2\/posts\/151813\/revisions\/151862"}],"wp:featuredmedia":[{"embeddable":true,"href":"https:\/\/vinasfm.com\/noticias\/wp-json\/wp\/v2\/media\/151815"}],"wp:attachment":[{"href":"https:\/\/vinasfm.com\/noticias\/wp-json\/wp\/v2\/media?parent=151813"}],"wp:term":[{"taxonomy":"category","embeddable":true,"href":"https:\/\/vinasfm.com\/noticias\/wp-json\/wp\/v2\/categories?post=151813"},{"taxonomy":"post_tag","embeddable":true,"href":"https:\/\/vinasfm.com\/noticias\/wp-json\/wp\/v2\/tags?post=151813"}],"curies":[{"name":"wp","href":"https:\/\/api.w.org\/{rel}","templated":true}]}}