{"id":151795,"date":"2025-08-12T08:46:43","date_gmt":"2025-08-12T11:46:43","guid":{"rendered":"https:\/\/vinasfm.com\/noticias\/?p=151795"},"modified":"2025-08-12T12:22:20","modified_gmt":"2025-08-12T15:22:20","slug":"la-municipalidad-anuncio-promociones-bancarias-para-adquirir-entradas-a-la-fiesta-de-la-cerveza-del-sur-mendocino","status":"publish","type":"post","link":"https:\/\/vinasfm.com\/noticias\/la-municipalidad-anuncio-promociones-bancarias-para-adquirir-entradas-a-la-fiesta-de-la-cerveza-del-sur-mendocino\/","title":{"rendered":"LA MUNICIPALIDAD ANUNCI\u00d3 PROMOCIONES BANCARIAS PARA ADQUIRIR ENTRADAS A LA FIESTA DE LA CERVEZA DEL SUR MENDOCINO*"},"content":{"rendered":"<h4><span style=\"color: #003300;\"><strong>La Municipalidad de General Alvear inform\u00f3 oficialmente las promociones bancarias vigentes para la compra de entradas a la Fiesta de la Cerveza del Sur Mendocino, evento que se realizar\u00e1 el pr\u00f3ximo 27 de septiembre en el Predio Ferial.<\/strong><\/span><\/h4>\n<p><span style=\"color: #003366;\"><strong>Nelson \u00c1lvarez<\/strong><\/span>, <em>director de Rentas del municipio<\/em>, explic\u00f3 que ya se encuentra activa la promoci\u00f3n del <strong>Banco Naci\u00f3n<\/strong>, que permite la compra de entradas en tres cuotas sin inter\u00e9s con tarjetas Visa de esa entidad. <strong><em>\u201cLa promo ya est\u00e1 activa, as\u00ed que pueden acercarse a los puntos de venta que tiene el municipio, como el Informador Tur\u00edstico en el Kil\u00f3metro Cero, el Cine Teatro Antonio Lafalla y la misma Municipalidad\u201d<\/em><\/strong>, detall\u00f3 el funcionario.<\/p>\n<p>Adem\u00e1s, \u00c1lvarez adelant\u00f3 que se est\u00e1 trabajando para implementar un beneficio similar con el Banco Supervielle, el cual se espera que est\u00e9 disponible en los pr\u00f3ximos d\u00edas. <em><strong>\u201cLa idea es que esta semana tambi\u00e9n quede activada para que los clientes de este banco puedan comprar su entrada en tres cuotas sin inter\u00e9s\u201d<\/strong><\/em>, agreg\u00f3.<\/p>\n<p>Para los clientes de otros bancos, tambi\u00e9n est\u00e1 habilitada la compra con tarjetas de cr\u00e9dito, d\u00e9bito y otras formas de pago, aunque sin acceso a las promociones mencionadas.<\/p>\n<h2>Un evento sin precedentes<\/h2>\n<p>La <strong>Fiesta de la Cerveza del Sur Mendocino<\/strong> promete convertirse en uno de los eventos culturales m\u00e1s importantes del a\u00f1o en la regi\u00f3n. En una \u00fanica jornada, desde las 14:00 horas, el Predio Ferial recibir\u00e1 a ocho bandas de renombre nacional, entre ellas:<em> Los Caligaris, Natalie P\u00e9rez, Tipitos, Guasones, Estelares, Manu Mart\u00ednez y El Plan de la Mariposa.<\/em> Tambi\u00e9n habr\u00e1 presentaciones de bandas del sur mendocino, seleccionadas mediante una convocatoria regional.<\/p>\n<p>El festival se desarrollar\u00e1 bajo un formato similar al de los grandes eventos musicales del pa\u00eds, con tres escenarios simult\u00e1neos, circulaci\u00f3n libre por el predio, y sectores destinados a cervezas industriales y artesanales, food trucks, expresiones culturales y propuestas interactivas para todo p\u00fablico.<\/p>\n<p>El evento <strong>es una coproducci\u00f3n entre la Municipalidad y la reconocida productora 300, con la que ya se trabaj\u00f3 exitosamente en el recital de Divididos en 2024.<\/strong><\/p>\n<h3>Entradas: precios y puntos de venta<\/h3>\n<p>Las entradas ya se encuentran a la venta a un precio promocional de $35.000, tanto de forma presencial como online.<\/p>\n<h3>Venta f\u00edsica:<\/h3>\n<p><strong>General Alvear:<\/strong><\/p>\n<ul>\n<li>\u00a0Cine Teatro Antonio Lafalla \u2013 Av. Alvear Oeste 437<\/li>\n<li>Informador Tur\u00edstico \u2013 Kil\u00f3metro 0<\/li>\n<\/ul>\n<p><strong>San Rafael:<\/strong><\/p>\n<ul>\n<li>\u00a0Vinilo Group \u2013 Dean Funes 50<\/li>\n<\/ul>\n<h3>Venta online:<\/h3>\n<p>A trav\u00e9s de Ticketek, en el siguiente enlace: <a href=\"https:\/\/www.ticketek.com.ar\/fiesta-de-la-cerveza\/predio-ferial-general-alvear\">https:\/\/www.ticketek.com.ar\/fiesta-de-la-cerveza\/predio-ferial-general-alvear<\/a><\/p>\n<p>&nbsp;<\/p>\n<p>*Alojamiento y turismo*<\/p>\n<p>Dado el alcance esperado del evento, que apunta a recibir tanto a p\u00fablico mendocino como a visitantes de otras provincias, el municipio ya se encuentra trabajando en conjunto con el sector tur\u00edstico para garantizar la disponibilidad de alojamiento y servicios gastron\u00f3micos, buscando que la experiencia del p\u00fablico sea completa y satisfactoria.<\/p>\n","protected":false},"excerpt":{"rendered":"<p>La Municipalidad de General Alvear inform\u00f3 oficialmente las promociones bancarias vigentes para la compra de entradas a la Fiesta de la &#8230;<\/p>\n","protected":false},"author":7,"featured_media":151797,"comment_status":"open","ping_status":"open","sticky":false,"template":"","format":"standard","meta":{"footnotes":""},"categories":[5,19],"tags":[],"class_list":["post-151795","post","type-post","status-publish","format-standard","has-post-thumbnail","hentry","category-actualidad","category-cultura"],"_links":{"self":[{"href":"https:\/\/vinasfm.com\/noticias\/wp-json\/wp\/v2\/posts\/151795","targetHints":{"allow":["GET"]}}],"collection":[{"href":"https:\/\/vinasfm.com\/noticias\/wp-json\/wp\/v2\/posts"}],"about":[{"href":"https:\/\/vinasfm.com\/noticias\/wp-json\/wp\/v2\/types\/post"}],"author":[{"embeddable":true,"href":"https:\/\/vinasfm.com\/noticias\/wp-json\/wp\/v2\/users\/7"}],"replies":[{"embeddable":true,"href":"https:\/\/vinasfm.com\/noticias\/wp-json\/wp\/v2\/comments?post=151795"}],"version-history":[{"count":2,"href":"https:\/\/vinasfm.com\/noticias\/wp-json\/wp\/v2\/posts\/151795\/revisions"}],"predecessor-version":[{"id":151798,"href":"https:\/\/vinasfm.com\/noticias\/wp-json\/wp\/v2\/posts\/151795\/revisions\/151798"}],"wp:featuredmedia":[{"embeddable":true,"href":"https:\/\/vinasfm.com\/noticias\/wp-json\/wp\/v2\/media\/151797"}],"wp:attachment":[{"href":"https:\/\/vinasfm.com\/noticias\/wp-json\/wp\/v2\/media?parent=151795"}],"wp:term":[{"taxonomy":"category","embeddable":true,"href":"https:\/\/vinasfm.com\/noticias\/wp-json\/wp\/v2\/categories?post=151795"},{"taxonomy":"post_tag","embeddable":true,"href":"https:\/\/vinasfm.com\/noticias\/wp-json\/wp\/v2\/tags?post=151795"}],"curies":[{"name":"wp","href":"https:\/\/api.w.org\/{rel}","templated":true}]}}