{"id":151765,"date":"2025-08-11T08:57:34","date_gmt":"2025-08-11T11:57:34","guid":{"rendered":"https:\/\/vinasfm.com\/noticias\/?p=151765"},"modified":"2025-08-12T08:52:29","modified_gmt":"2025-08-12T11:52:29","slug":"la-seleccion-argentina-de-basquet-en-silla-de-ruedas-finalizo-su-concentracion-en-general-alvear","status":"publish","type":"post","link":"https:\/\/vinasfm.com\/noticias\/la-seleccion-argentina-de-basquet-en-silla-de-ruedas-finalizo-su-concentracion-en-general-alvear\/","title":{"rendered":"LA SELECCI\u00d3N ARGENTINA DE B\u00c1SQUET EN SILLA DE RUEDAS FINALIZ\u00d3 SU CONCENTRACI\u00d3N EN GENERAL ALVEAR"},"content":{"rendered":"<p><span style=\"color: #003300;\"><strong>Durante 11 d\u00edas, General Alvear fue sede de la concentraci\u00f3n de la Selecci\u00f3n Argentina de B\u00e1squet en Silla de Ruedas, en la etapa final de preparaci\u00f3n para la Copa Am\u00e9rica que se disputar\u00e1 del 15 al 21 de agosto en Colombia. <\/strong><\/span><\/p>\n<p>El equipo, integrado por jugadores que en su mayor\u00eda se desempe\u00f1an en clubes europeos, realiz\u00f3 entrenamientos en doble turno, tanto en el Polideportivo Municipal como en las instalaciones de Universo Deportivo.<\/p>\n<p>La <em>asesora de Discapacidad<\/em>, <span style=\"color: #003366;\"><strong>Viviana Lima<\/strong><\/span>, resalt\u00f3 la importancia de esta experiencia in\u00e9dita para el municipio: <em><strong>\u201ces la primera vez que la selecci\u00f3n realiza una concentraci\u00f3n tan extensa en un solo lugar. Hubo un gran trabajo de organizaci\u00f3n y colaboraci\u00f3n para que todo saliera bien. Muchas personas y empresas se sumaron, incluso resolviendo problemas como la rotura de una silla, para que los jugadores estuvieran c\u00f3modos y listos para viajar. Lo m\u00e1s valioso es que se llevan la calidez humana de los alvearenses y el intercambio positivo con las escuelas\u201d.<\/strong><\/em><\/p>\n<p><a href=\"https:\/\/vinasfm.com\/noticias\/wp-content\/uploads\/2025\/08\/Imagen-de-WhatsApp-2025-08-11-a-las-08.55.10_6a09a509.jpg\"><img loading=\"lazy\" decoding=\"async\" class=\"alignnone wp-image-151767\" src=\"https:\/\/vinasfm.com\/noticias\/wp-content\/uploads\/2025\/08\/Imagen-de-WhatsApp-2025-08-11-a-las-08.55.10_6a09a509-1024x575.jpg\" alt=\"\" width=\"360\" height=\"202\" srcset=\"https:\/\/vinasfm.com\/noticias\/wp-content\/uploads\/2025\/08\/Imagen-de-WhatsApp-2025-08-11-a-las-08.55.10_6a09a509-1024x575.jpg 1024w, https:\/\/vinasfm.com\/noticias\/wp-content\/uploads\/2025\/08\/Imagen-de-WhatsApp-2025-08-11-a-las-08.55.10_6a09a509-300x168.jpg 300w, https:\/\/vinasfm.com\/noticias\/wp-content\/uploads\/2025\/08\/Imagen-de-WhatsApp-2025-08-11-a-las-08.55.10_6a09a509-768x431.jpg 768w, https:\/\/vinasfm.com\/noticias\/wp-content\/uploads\/2025\/08\/Imagen-de-WhatsApp-2025-08-11-a-las-08.55.10_6a09a509-1536x862.jpg 1536w, https:\/\/vinasfm.com\/noticias\/wp-content\/uploads\/2025\/08\/Imagen-de-WhatsApp-2025-08-11-a-las-08.55.10_6a09a509-750x420.jpg 750w, https:\/\/vinasfm.com\/noticias\/wp-content\/uploads\/2025\/08\/Imagen-de-WhatsApp-2025-08-11-a-las-08.55.10_6a09a509-1140x641.jpg 1140w, https:\/\/vinasfm.com\/noticias\/wp-content\/uploads\/2025\/08\/Imagen-de-WhatsApp-2025-08-11-a-las-08.55.10_6a09a509.jpg 1600w\" sizes=\"auto, (max-width: 360px) 100vw, 360px\" \/><\/a> <a href=\"https:\/\/vinasfm.com\/noticias\/wp-content\/uploads\/2025\/08\/Imagen-de-WhatsApp-2025-08-11-a-las-08.55.10_009ab30d.jpg\"><img loading=\"lazy\" decoding=\"async\" class=\"alignnone wp-image-151768\" src=\"https:\/\/vinasfm.com\/noticias\/wp-content\/uploads\/2025\/08\/Imagen-de-WhatsApp-2025-08-11-a-las-08.55.10_009ab30d-1024x575.jpg\" alt=\"\" width=\"360\" height=\"202\" srcset=\"https:\/\/vinasfm.com\/noticias\/wp-content\/uploads\/2025\/08\/Imagen-de-WhatsApp-2025-08-11-a-las-08.55.10_009ab30d-1024x575.jpg 1024w, https:\/\/vinasfm.com\/noticias\/wp-content\/uploads\/2025\/08\/Imagen-de-WhatsApp-2025-08-11-a-las-08.55.10_009ab30d-300x168.jpg 300w, https:\/\/vinasfm.com\/noticias\/wp-content\/uploads\/2025\/08\/Imagen-de-WhatsApp-2025-08-11-a-las-08.55.10_009ab30d-768x431.jpg 768w, https:\/\/vinasfm.com\/noticias\/wp-content\/uploads\/2025\/08\/Imagen-de-WhatsApp-2025-08-11-a-las-08.55.10_009ab30d-1536x862.jpg 1536w, https:\/\/vinasfm.com\/noticias\/wp-content\/uploads\/2025\/08\/Imagen-de-WhatsApp-2025-08-11-a-las-08.55.10_009ab30d-750x420.jpg 750w, https:\/\/vinasfm.com\/noticias\/wp-content\/uploads\/2025\/08\/Imagen-de-WhatsApp-2025-08-11-a-las-08.55.10_009ab30d-1140x641.jpg 1140w, https:\/\/vinasfm.com\/noticias\/wp-content\/uploads\/2025\/08\/Imagen-de-WhatsApp-2025-08-11-a-las-08.55.10_009ab30d.jpg 1600w\" sizes=\"auto, (max-width: 360px) 100vw, 360px\" \/><\/a><\/p>\n<p>Los jugadores expresaron su satisfacci\u00f3n por la preparaci\u00f3n realizada en General Alvear, fue Ferm\u00edn Wingerter quien manifest\u00f3:<em><strong> \u201centrenamos muy duro y el equipo est\u00e1 fuerte para enfrentar un torneo con rivales de alto nivel como Estados Unidos, Canad\u00e1, Brasil y Colombia. Nuestro objetivo es ganar una medalla y clasificar al Mundial de Ottawa 2026. La gente de Alvear nos recibi\u00f3 de forma espectacular y nos hizo sentir como en casa\u201d.<\/strong><\/em><\/p>\n<p>La concentraci\u00f3n incluy\u00f3 actividades de integraci\u00f3n con instituciones educativas y visitas de la comunidad, lo que fortaleci\u00f3 el v\u00ednculo entre los deportistas y los vecinos. Con el trabajo realizado en General Alvear, la selecci\u00f3n parte rumbo a Buenos Aires y luego a Colombia, con la mira puesta en el podio y en asegurar un lugar en el pr\u00f3ximo Mundial.<\/p>\n<p><a href=\"https:\/\/vinasfm.com\/noticias\/wp-content\/uploads\/2025\/08\/Imagen-de-WhatsApp-2025-08-11-a-las-08.55.11_f0cca1d3.jpg\"><img loading=\"lazy\" decoding=\"async\" class=\"wp-image-151769 aligncenter\" src=\"https:\/\/vinasfm.com\/noticias\/wp-content\/uploads\/2025\/08\/Imagen-de-WhatsApp-2025-08-11-a-las-08.55.11_f0cca1d3-1024x575.jpg\" alt=\"\" width=\"600\" height=\"337\" srcset=\"https:\/\/vinasfm.com\/noticias\/wp-content\/uploads\/2025\/08\/Imagen-de-WhatsApp-2025-08-11-a-las-08.55.11_f0cca1d3-1024x575.jpg 1024w, https:\/\/vinasfm.com\/noticias\/wp-content\/uploads\/2025\/08\/Imagen-de-WhatsApp-2025-08-11-a-las-08.55.11_f0cca1d3-300x168.jpg 300w, https:\/\/vinasfm.com\/noticias\/wp-content\/uploads\/2025\/08\/Imagen-de-WhatsApp-2025-08-11-a-las-08.55.11_f0cca1d3-768x431.jpg 768w, https:\/\/vinasfm.com\/noticias\/wp-content\/uploads\/2025\/08\/Imagen-de-WhatsApp-2025-08-11-a-las-08.55.11_f0cca1d3-1536x862.jpg 1536w, https:\/\/vinasfm.com\/noticias\/wp-content\/uploads\/2025\/08\/Imagen-de-WhatsApp-2025-08-11-a-las-08.55.11_f0cca1d3-750x420.jpg 750w, https:\/\/vinasfm.com\/noticias\/wp-content\/uploads\/2025\/08\/Imagen-de-WhatsApp-2025-08-11-a-las-08.55.11_f0cca1d3-1140x641.jpg 1140w, https:\/\/vinasfm.com\/noticias\/wp-content\/uploads\/2025\/08\/Imagen-de-WhatsApp-2025-08-11-a-las-08.55.11_f0cca1d3.jpg 1600w\" sizes=\"auto, (max-width: 600px) 100vw, 600px\" \/><\/a><\/p>\n","protected":false},"excerpt":{"rendered":"<p>Durante 11 d\u00edas, General Alvear fue sede de la concentraci\u00f3n de la Selecci\u00f3n Argentina de B\u00e1squet en Silla de Ruedas, en &#8230;<\/p>\n","protected":false},"author":7,"featured_media":151766,"comment_status":"open","ping_status":"open","sticky":false,"template":"","format":"standard","meta":{"footnotes":""},"categories":[3,10],"tags":[],"class_list":["post-151765","post","type-post","status-publish","format-standard","has-post-thumbnail","hentry","category-deportes","category-destacadas"],"_links":{"self":[{"href":"https:\/\/vinasfm.com\/noticias\/wp-json\/wp\/v2\/posts\/151765","targetHints":{"allow":["GET"]}}],"collection":[{"href":"https:\/\/vinasfm.com\/noticias\/wp-json\/wp\/v2\/posts"}],"about":[{"href":"https:\/\/vinasfm.com\/noticias\/wp-json\/wp\/v2\/types\/post"}],"author":[{"embeddable":true,"href":"https:\/\/vinasfm.com\/noticias\/wp-json\/wp\/v2\/users\/7"}],"replies":[{"embeddable":true,"href":"https:\/\/vinasfm.com\/noticias\/wp-json\/wp\/v2\/comments?post=151765"}],"version-history":[{"count":1,"href":"https:\/\/vinasfm.com\/noticias\/wp-json\/wp\/v2\/posts\/151765\/revisions"}],"predecessor-version":[{"id":151770,"href":"https:\/\/vinasfm.com\/noticias\/wp-json\/wp\/v2\/posts\/151765\/revisions\/151770"}],"wp:featuredmedia":[{"embeddable":true,"href":"https:\/\/vinasfm.com\/noticias\/wp-json\/wp\/v2\/media\/151766"}],"wp:attachment":[{"href":"https:\/\/vinasfm.com\/noticias\/wp-json\/wp\/v2\/media?parent=151765"}],"wp:term":[{"taxonomy":"category","embeddable":true,"href":"https:\/\/vinasfm.com\/noticias\/wp-json\/wp\/v2\/categories?post=151765"},{"taxonomy":"post_tag","embeddable":true,"href":"https:\/\/vinasfm.com\/noticias\/wp-json\/wp\/v2\/tags?post=151765"}],"curies":[{"name":"wp","href":"https:\/\/api.w.org\/{rel}","templated":true}]}}