{"id":151754,"date":"2025-08-10T08:40:51","date_gmt":"2025-08-10T11:40:51","guid":{"rendered":"https:\/\/vinasfm.com\/noticias\/?p=151754"},"modified":"2025-08-11T10:08:28","modified_gmt":"2025-08-11T13:08:28","slug":"se-realizo-una-nueva-noche-de-degustacion-de-vinos-en-la-sala-ganar-amigos-en-bodega-faraon","status":"publish","type":"post","link":"https:\/\/vinasfm.com\/noticias\/se-realizo-una-nueva-noche-de-degustacion-de-vinos-en-la-sala-ganar-amigos-en-bodega-faraon\/","title":{"rendered":"SE REALIZ\u00d3 UNA NUEVA NOCHE DE DEGUSTACI\u00d3N DE VINOS  EN LA SALA \u00abGANAR AMIGOS\u00bb EN BODEGA FARA\u00d3N"},"content":{"rendered":"<h4><span style=\"color: #003300;\"><strong>El viernes por la noche, en la Sala Ganar Amigos de Bodega Fara\u00f3n se llev\u00f3 adelante una degustaci\u00f3n que convoc\u00f3 a turistas y vecinos de General Alvear. Ocho bodegas locales participaron de la propuesta, que tuvo como objetivo destacar la calidad de los vinos del departamento y fomentar el turismo en torno a la gastronom\u00eda y la producci\u00f3n vitivin\u00edcola.:<\/strong><\/span><\/h4>\n<p>El<em> director de Turismo<\/em>, <strong><span style=\"color: #003366;\">Gustavo Garc\u00eda<\/span><\/strong>, destac\u00f3 la importancia de este tipo de eventos: <em><strong>\u201cEs fundamental poner en valor las bondades de nuestros vinos. Este tipo de actividades fortalecen el sector tur\u00edstico y gastron\u00f3mico, generan contenido y motivan al sector privado\u00bb<\/strong><\/em>. Asimismo, se\u00f1al\u00f3 que <em><strong>\u201cno solo atraen a visitantes, sino que tambi\u00e9n logran que los propios alvearenses incorporen nuestros vinos a sus reuniones y celebraciones\u00bb.<\/strong><\/em><\/p>\n<p>Entre los asistentes estuvo la <em>Virreina Nacional de la Vendimia<\/em>, <span style=\"color: #003366;\"><strong>Sof\u00eda Perfumo<\/strong><\/span>, quien resalt\u00f3 el impacto cultural y econ\u00f3mico de la propuesta: <em><strong>\u201ces un evento que pone en valor lo que tenemos en el departamento. La concurrencia demuestra que hay inter\u00e9s por nuestros vinos regionales de alta calidad, y es una excelente oportunidad para que turistas y locales se acerquen a conocer y disfrutar de nuestra producci\u00f3n\u201d.<\/strong><\/em><\/p>\n<p><a href=\"https:\/\/vinasfm.com\/noticias\/wp-content\/uploads\/2025\/08\/IMG-20250809-WA0107.jpg\"><img loading=\"lazy\" decoding=\"async\" class=\"wp-image-151759 aligncenter\" src=\"https:\/\/vinasfm.com\/noticias\/wp-content\/uploads\/2025\/08\/IMG-20250809-WA0107-1024x575.jpg\" alt=\"\" width=\"600\" height=\"337\" srcset=\"https:\/\/vinasfm.com\/noticias\/wp-content\/uploads\/2025\/08\/IMG-20250809-WA0107-1024x575.jpg 1024w, https:\/\/vinasfm.com\/noticias\/wp-content\/uploads\/2025\/08\/IMG-20250809-WA0107-300x168.jpg 300w, https:\/\/vinasfm.com\/noticias\/wp-content\/uploads\/2025\/08\/IMG-20250809-WA0107-768x431.jpg 768w, https:\/\/vinasfm.com\/noticias\/wp-content\/uploads\/2025\/08\/IMG-20250809-WA0107-1536x862.jpg 1536w, https:\/\/vinasfm.com\/noticias\/wp-content\/uploads\/2025\/08\/IMG-20250809-WA0107-750x420.jpg 750w, https:\/\/vinasfm.com\/noticias\/wp-content\/uploads\/2025\/08\/IMG-20250809-WA0107-1140x641.jpg 1140w, https:\/\/vinasfm.com\/noticias\/wp-content\/uploads\/2025\/08\/IMG-20250809-WA0107.jpg 1600w\" sizes=\"auto, (max-width: 600px) 100vw, 600px\" \/><\/a><\/p>\n<p>Los participantes coincidieron en que la noche ofreci\u00f3 un espacio ideal para el encuentro y la interacci\u00f3n. Mauro, vecino de Alvear, se\u00f1al\u00f3 que<em><strong> \u201ces una propuesta diferente, que permite disfrutar con amigos, conocer m\u00e1s sobre las bodegas y reencontrarse con gente\u201d<\/strong><\/em>. Por su parte, Luciano resalt\u00f3 la calidez del lugar y la posibilidad de <em><strong>\u201ccompartir m\u00fasica, buena compa\u00f1\u00eda y la experiencia de degustar distintos vinos en un entorno agradable\u201d.<\/strong><\/em><\/p>\n<p>La velada combin\u00f3 gastronom\u00eda, m\u00fasica y el esp\u00edritu de camarader\u00eda, consolidando a la degustaci\u00f3n en Bodega Fara\u00f3n como una cita que refuerza la identidad vitivin\u00edcola de General Alvear y promueve el desarrollo tur\u00edstico local.<\/p>\n<p><a href=\"https:\/\/vinasfm.com\/noticias\/wp-content\/uploads\/2025\/08\/IMG-20250809-WA0103.jpg\"><img loading=\"lazy\" decoding=\"async\" class=\"wp-image-151758 aligncenter\" src=\"https:\/\/vinasfm.com\/noticias\/wp-content\/uploads\/2025\/08\/IMG-20250809-WA0103-1024x575.jpg\" alt=\"\" width=\"600\" height=\"337\" srcset=\"https:\/\/vinasfm.com\/noticias\/wp-content\/uploads\/2025\/08\/IMG-20250809-WA0103-1024x575.jpg 1024w, https:\/\/vinasfm.com\/noticias\/wp-content\/uploads\/2025\/08\/IMG-20250809-WA0103-300x168.jpg 300w, https:\/\/vinasfm.com\/noticias\/wp-content\/uploads\/2025\/08\/IMG-20250809-WA0103-768x431.jpg 768w, https:\/\/vinasfm.com\/noticias\/wp-content\/uploads\/2025\/08\/IMG-20250809-WA0103-1536x862.jpg 1536w, https:\/\/vinasfm.com\/noticias\/wp-content\/uploads\/2025\/08\/IMG-20250809-WA0103-750x420.jpg 750w, https:\/\/vinasfm.com\/noticias\/wp-content\/uploads\/2025\/08\/IMG-20250809-WA0103-1140x641.jpg 1140w, https:\/\/vinasfm.com\/noticias\/wp-content\/uploads\/2025\/08\/IMG-20250809-WA0103.jpg 1600w\" sizes=\"auto, (max-width: 600px) 100vw, 600px\" \/><\/a><\/p>\n","protected":false},"excerpt":{"rendered":"<p>El viernes por la noche, en la Sala Ganar Amigos de Bodega Fara\u00f3n se llev\u00f3 adelante una degustaci\u00f3n que convoc\u00f3 a &#8230;<\/p>\n","protected":false},"author":7,"featured_media":151760,"comment_status":"open","ping_status":"open","sticky":false,"template":"","format":"standard","meta":{"footnotes":""},"categories":[19,21],"tags":[],"class_list":["post-151754","post","type-post","status-publish","format-standard","has-post-thumbnail","hentry","category-cultura","category-turismo-2"],"_links":{"self":[{"href":"https:\/\/vinasfm.com\/noticias\/wp-json\/wp\/v2\/posts\/151754","targetHints":{"allow":["GET"]}}],"collection":[{"href":"https:\/\/vinasfm.com\/noticias\/wp-json\/wp\/v2\/posts"}],"about":[{"href":"https:\/\/vinasfm.com\/noticias\/wp-json\/wp\/v2\/types\/post"}],"author":[{"embeddable":true,"href":"https:\/\/vinasfm.com\/noticias\/wp-json\/wp\/v2\/users\/7"}],"replies":[{"embeddable":true,"href":"https:\/\/vinasfm.com\/noticias\/wp-json\/wp\/v2\/comments?post=151754"}],"version-history":[{"count":2,"href":"https:\/\/vinasfm.com\/noticias\/wp-json\/wp\/v2\/posts\/151754\/revisions"}],"predecessor-version":[{"id":151762,"href":"https:\/\/vinasfm.com\/noticias\/wp-json\/wp\/v2\/posts\/151754\/revisions\/151762"}],"wp:featuredmedia":[{"embeddable":true,"href":"https:\/\/vinasfm.com\/noticias\/wp-json\/wp\/v2\/media\/151760"}],"wp:attachment":[{"href":"https:\/\/vinasfm.com\/noticias\/wp-json\/wp\/v2\/media?parent=151754"}],"wp:term":[{"taxonomy":"category","embeddable":true,"href":"https:\/\/vinasfm.com\/noticias\/wp-json\/wp\/v2\/categories?post=151754"},{"taxonomy":"post_tag","embeddable":true,"href":"https:\/\/vinasfm.com\/noticias\/wp-json\/wp\/v2\/tags?post=151754"}],"curies":[{"name":"wp","href":"https:\/\/api.w.org\/{rel}","templated":true}]}}