{"id":151752,"date":"2025-08-10T08:40:23","date_gmt":"2025-08-10T11:40:23","guid":{"rendered":"https:\/\/vinasfm.com\/noticias\/?p=151752"},"modified":"2025-08-11T09:11:04","modified_gmt":"2025-08-11T12:11:04","slug":"se-realizo-la-instancia-final-de-las-8-olimpiadas-del-conocimiento-en-la-escuela-rio-atuel","status":"publish","type":"post","link":"https:\/\/vinasfm.com\/noticias\/se-realizo-la-instancia-final-de-las-8-olimpiadas-del-conocimiento-en-la-escuela-rio-atuel\/","title":{"rendered":"SE REALIZ\u00d3 LA INSTANCIA FINAL DE LAS 8\u00b0 OLIMPIADAS DEL CONOCIMIENTO EN LA ESCUELA R\u00cdO ATUEL"},"content":{"rendered":"<h4><span style=\"color: #003300;\"><strong>La Escuela 4-202 R\u00edo Atuel fue sede de la etapa final de las octavas Olimpiadas del Conocimiento, una propuesta educativa que busca fomentar la lectura comprensiva y el trabajo en equipo entre estudiantes de General Alvear.<\/strong><\/span><\/h4>\n<p>El <em>director del establecimiento<\/em>, <span style=\"color: #003366;\"><strong>Natalio Anchelerguez<\/strong><\/span>, record\u00f3 que el certamen comenz\u00f3 en mayo con una presentaci\u00f3n en el Teatro Antonio Lafalla, instancia en la que se invit\u00f3 a las escuelas a participar y se comparti\u00f3 el material bibliogr\u00e1fico que deb\u00edan estudiar. <em><strong>\u201cHoy es la instancia final. Tenemos un equipo local y otro proveniente de Bowen. Algunas instituciones que participan habitualmente no pudieron estar presentes por coincidencia de agenda con otros eventos, como la Expo Educativa en Mendoza. Lo importante es sostener y hacer crecer esta propuesta a\u00f1o a a\u00f1o\u201d<\/strong><\/em>, se\u00f1al\u00f3.<\/p>\n<p>El<span style=\"color: #003366;\"><strong> intendente Alejandro Molero<\/strong><\/span> presente en el evento destac\u00f3 el valor pedag\u00f3gico de la competencia, basada en la interpretaci\u00f3n de dos textos literarios. <strong><em>\u201cUno de los d\u00e9ficits del sistema educativo es la comprensi\u00f3n lectora. Estas olimpiadas incentivan la lectura y la interpretaci\u00f3n, motivando a los j\u00f3venes a trav\u00e9s de una sana competencia, con premios que refuerzan el inter\u00e9s\u201d<\/em><\/strong>, afirm\u00f3.<\/p>\n<p><a href=\"https:\/\/vinasfm.com\/noticias\/wp-content\/uploads\/2025\/08\/IMG-20250809-WA0043.jpg\"><img loading=\"lazy\" decoding=\"async\" class=\"wp-image-151757 aligncenter\" src=\"https:\/\/vinasfm.com\/noticias\/wp-content\/uploads\/2025\/08\/IMG-20250809-WA0043-1024x575.jpg\" alt=\"\" width=\"600\" height=\"337\" srcset=\"https:\/\/vinasfm.com\/noticias\/wp-content\/uploads\/2025\/08\/IMG-20250809-WA0043-1024x575.jpg 1024w, https:\/\/vinasfm.com\/noticias\/wp-content\/uploads\/2025\/08\/IMG-20250809-WA0043-300x168.jpg 300w, https:\/\/vinasfm.com\/noticias\/wp-content\/uploads\/2025\/08\/IMG-20250809-WA0043-768x431.jpg 768w, https:\/\/vinasfm.com\/noticias\/wp-content\/uploads\/2025\/08\/IMG-20250809-WA0043-1536x862.jpg 1536w, https:\/\/vinasfm.com\/noticias\/wp-content\/uploads\/2025\/08\/IMG-20250809-WA0043-750x420.jpg 750w, https:\/\/vinasfm.com\/noticias\/wp-content\/uploads\/2025\/08\/IMG-20250809-WA0043-1140x641.jpg 1140w, https:\/\/vinasfm.com\/noticias\/wp-content\/uploads\/2025\/08\/IMG-20250809-WA0043.jpg 1600w\" sizes=\"auto, (max-width: 600px) 100vw, 600px\" \/><\/a><\/p>\n<p>Por su parte, el <em>director de Educaci\u00f3n<\/em>, <span style=\"color: #003366;\"><strong>Jos\u00e9 Mor\u00e1n<\/strong><\/span>, remarc\u00f3 el objetivo central del certamen: <em><strong>\u201cSe cre\u00f3 para fortalecer la lectura comprensiva y la presentaci\u00f3n de proyectos que luego son defendidos en distintas etapas. M\u00e1s all\u00e1 de la competencia, es una oportunidad para que los j\u00f3venes convivan, compartan experiencias y adquieran herramientas para su desarrollo personal y acad\u00e9mico\u201d.<\/strong><\/em><\/p>\n<p>Las Olimpiadas del Conocimiento se consolidan como un espacio que articula el esfuerzo de la comunidad educativa, la Municipalidad y las instituciones escolares del departamento, con el prop\u00f3sito de fortalecer la formaci\u00f3n integral de los estudiantes.<\/p>\n","protected":false},"excerpt":{"rendered":"<p>La Escuela 4-202 R\u00edo Atuel fue sede de la etapa final de las octavas Olimpiadas del Conocimiento, una propuesta educativa que &#8230;<\/p>\n","protected":false},"author":7,"featured_media":151756,"comment_status":"open","ping_status":"open","sticky":false,"template":"","format":"standard","meta":{"footnotes":""},"categories":[5,18],"tags":[],"class_list":["post-151752","post","type-post","status-publish","format-standard","has-post-thumbnail","hentry","category-actualidad","category-educacion"],"_links":{"self":[{"href":"https:\/\/vinasfm.com\/noticias\/wp-json\/wp\/v2\/posts\/151752","targetHints":{"allow":["GET"]}}],"collection":[{"href":"https:\/\/vinasfm.com\/noticias\/wp-json\/wp\/v2\/posts"}],"about":[{"href":"https:\/\/vinasfm.com\/noticias\/wp-json\/wp\/v2\/types\/post"}],"author":[{"embeddable":true,"href":"https:\/\/vinasfm.com\/noticias\/wp-json\/wp\/v2\/users\/7"}],"replies":[{"embeddable":true,"href":"https:\/\/vinasfm.com\/noticias\/wp-json\/wp\/v2\/comments?post=151752"}],"version-history":[{"count":2,"href":"https:\/\/vinasfm.com\/noticias\/wp-json\/wp\/v2\/posts\/151752\/revisions"}],"predecessor-version":[{"id":151761,"href":"https:\/\/vinasfm.com\/noticias\/wp-json\/wp\/v2\/posts\/151752\/revisions\/151761"}],"wp:featuredmedia":[{"embeddable":true,"href":"https:\/\/vinasfm.com\/noticias\/wp-json\/wp\/v2\/media\/151756"}],"wp:attachment":[{"href":"https:\/\/vinasfm.com\/noticias\/wp-json\/wp\/v2\/media?parent=151752"}],"wp:term":[{"taxonomy":"category","embeddable":true,"href":"https:\/\/vinasfm.com\/noticias\/wp-json\/wp\/v2\/categories?post=151752"},{"taxonomy":"post_tag","embeddable":true,"href":"https:\/\/vinasfm.com\/noticias\/wp-json\/wp\/v2\/tags?post=151752"}],"curies":[{"name":"wp","href":"https:\/\/api.w.org\/{rel}","templated":true}]}}