{"id":151745,"date":"2025-08-11T08:18:58","date_gmt":"2025-08-11T11:18:58","guid":{"rendered":"https:\/\/vinasfm.com\/noticias\/?p=151745"},"modified":"2025-08-12T08:53:22","modified_gmt":"2025-08-12T11:53:22","slug":"fondo-compensador-agricola-el-gobierno-incremento-30-las-compensaciones-por-danos","status":"publish","type":"post","link":"https:\/\/vinasfm.com\/noticias\/fondo-compensador-agricola-el-gobierno-incremento-30-las-compensaciones-por-danos\/","title":{"rendered":"FONDO COMPENSADOR AGR\u00cdCOLA: EL GOBIERNO INCREMENT\u00d3 30% LAS COMPENSACIONES POR DA\u00d1OS"},"content":{"rendered":"<h4><strong><span style=\"color: #003300;\">Destinado a productores cuyas superficies cultivadas no superen las 30 hect\u00e1reas, se busca resguardar cultivos de vid, frutales, hortalizas de verano, ma\u00edz grano y forrajes. Hay tiempo hasta el 5 de septiembre para adherir al programa, que este a\u00f1o cuenta con diversas opciones de cobertura para contrarrestar el impacto negativo ocasionado por heladas tard\u00edas o granizo.<\/span><\/strong><\/h4>\n<p>El <strong>Ministerio de Producci\u00f3n<\/strong>, a trav\u00e9s de la <strong>Subsecretar\u00eda de Agricultura y Ganader\u00eda<\/strong>, informa que, tras publicarse en el\u00a0<em>Bolet\u00edn Oficial<\/em>, ya est\u00e1 disponible la inscripci\u00f3n para adherir al <strong>Fondo Compensador Agr\u00edcola<\/strong> <em>(FCA)<\/em> de cara a la temporada 2025-2026.<\/p>\n<p>Dirigido a <strong>peque\u00f1os productores agr\u00edcolas cuyas superficies cultivadas no superen las 30 hect\u00e1reas de extensi\u00f3n<\/strong>, <em>el programa ofrece diversos tipos de cobertura para resguardar cultivos de vid, frutales, hortalizas de verano, ma\u00edz grano y forrajes.<\/em> Estos, para acceder a los beneficios del FCA, deber\u00e1n estar inscriptos previamente en el Registro de Uso de la Tierra (RUT).<\/p>\n<p>Un dato, no menor, tiene que ver con las compensaciones previstas por da\u00f1os para esta nueva temporada agr\u00edcola tienen un incremento de 30% en relaci\u00f3n a la temporada 2024-2025 y que, a su vez, se actualizan seg\u00fan el \u00edndice de precios al consumidor (IPC).<\/p>\n<p>La presente temporada tendr\u00e1 una novedad respecto de las unidades productivas en emergencia. Es que el reglamento del FCA 2025-2026 establece que cuando se acredite que la unidad productiva se encuentre en situaci\u00f3n de Emergencia y\/o Desastre Agropecuario, ocasionados por el mismo tipo de fen\u00f3meno natural (seg\u00fan Ley de Emergencia Agropecuaria 9083) en 3 de los \u00faltimos cinco 5 per\u00edodos agr\u00edcolas, se aplicar\u00e1 un incremento de 30% al aporte de adhesi\u00f3n.<\/p>\n<h2><strong>Tipos de cobertura disponibles<\/strong><\/h2>\n<p>Seg\u00fan detallaron desde la cartera de Producci\u00f3n, el Fondo Compensador Agr\u00edcola ofrece tres tipos de cobertura para adaptarse a las distintas necesidades de los productores:<\/p>\n<ul>\n<li>Cobertura Espec\u00edfica (Granizo): Compensaci\u00f3n de $2.000.000 por hect\u00e1rea afectada con da\u00f1o total.<\/li>\n<li>Cobertura Inicial (Granizo + Heladas): Compensaci\u00f3n de $800.000 por hect\u00e1rea con da\u00f1o total.<\/li>\n<li>Cobertura Integral (Granizo + Heladas): Compensaci\u00f3n de $2.000.000 por hect\u00e1rea con da\u00f1o total.<\/li>\n<li>Para los productores hort\u00edcolas, se ofrece una compensaci\u00f3n de $160.000 por hect\u00e1rea en cualquiera de las coberturas. Es importante destacar que las compensaciones se efect\u00faan \u00fanicamente cuando el da\u00f1o supera el 50% y que solo se puede optar por un tipo de cobertura.<\/li>\n<\/ul>\n<h3><strong>Aportes seg\u00fan tipo y oasis<\/strong><\/h3>\n<p>Los productores deben realizar un aporte para acceder a las coberturas, que var\u00eda seg\u00fan la regi\u00f3n y el tipo de cobertura seleccionada.<\/p>\n<p><strong>Cobertura espec\u00edfica de granizo:<\/strong><\/p>\n<ul>\n<li><strong>Oasis Centro y Norte: $16.000 p\/ha<\/strong><\/li>\n<li><strong>Oasis Este: $40.000<\/strong><\/li>\n<li><strong>Oasis Sur: $51.000<\/strong><\/li>\n<\/ul>\n<h3><strong>Aportes por hect\u00e1rea de vid y frutales de productores en Condici\u00f3n de Emergencia<\/strong><\/h3>\n<ul>\n<li>Centro y Norte: $20. 800<\/li>\n<li>Este: $52.000<\/li>\n<li>Sur: $66.300<\/li>\n<\/ul>\n<p><strong>Cobertura Inicial (Granizo + Heladas):<\/strong><\/p>\n<ul>\n<li><strong>Oasis Centro y Norte: $27.000 p\/ha<\/strong><\/li>\n<li><strong>Oasis Este: $34.000<\/strong><\/li>\n<li><strong>Oasis Sur: $39.000<\/strong><\/li>\n<\/ul>\n<h3><strong>Aportes por hect\u00e1rea de vid y frutales de productores en condici\u00f3n de emergencia<\/strong><\/h3>\n<ul>\n<li>Centro y Norte: $35.100<\/li>\n<li>Este: $44.200<\/li>\n<li>Sur: $50.700<\/li>\n<\/ul>\n<p><strong>Cobertura Integral (Granizo + Heladas):<\/strong><\/p>\n<ul>\n<li><strong>Oasis Centro y Norte: $150.000 p\/ha<\/strong><\/li>\n<li><strong>Oasis Este: $200.000<\/strong><\/li>\n<li><strong>Oasis Sur: $240.000<\/strong><\/li>\n<\/ul>\n<h3><strong>Aportes por hect\u00e1rea de vid y frutales de productores en condici\u00f3n de emergencia<\/strong><\/h3>\n<ul>\n<li>Oasis Centro y Norte: $195.000<\/li>\n<li>Oasis Este: $260.000<\/li>\n<li>Oasis Sur: $312.000<\/li>\n<\/ul>\n<h3><strong>Hortalizas de verano en los tres tipos de cobertura<\/strong><\/h3>\n<ul>\n<li>Oasis Centro y Norte $7000 p\/ha<\/li>\n<li>Oasis Este: $8700<\/li>\n<li>Oasis Sur: $10.600<\/li>\n<\/ul>\n<p><strong>El aporte por hect\u00e1rea de hortalizas en condici\u00f3n de emergencia, independientemente del tipo de cobertura que escoja, ser\u00e1 de:<\/strong><\/p>\n<ul>\n<li><strong>Centro y Norte $9100 p\/ha<\/strong><\/li>\n<li><strong>Este: $11.310<\/strong><\/li>\n<li><strong>Sur: $13.780<\/strong><\/li>\n<\/ul>\n<p>El aporte anual se puede realizar en un pago o en 4 cuotas. En el caso de los contratistas, ser\u00e1n 5 cuotas. Si el productor no realiz\u00f3 el aporte en tiempo y forma, no recibir\u00e1 la compensaci\u00f3n.<\/p>\n<h2><strong>Adhesi\u00f3n y medios de pago<\/strong><\/h2>\n<p>Los interesados pueden adherirse al FCA a trav\u00e9s del sitio de\u00a0<a href=\"http:\/\/www.contingencias.mendoza.gov.ar\/\" target=\"_blank\" rel=\"noreferrer noopener\" data-type=\"URL\" data-id=\"www.contingencias.mendoza.gov.ar\">Contingencias Clim\u00e1ticas<\/a>, donde deben seleccionar la opci\u00f3n \u201cBoletas Fondo Compensador Agr\u00edcola 2025-26\u201d, escoger la cobertura deseada y descargar la boleta de pago.<\/p>\n<p>Los pagos pueden realizarse en Banco Naci\u00f3n, Bolsa de Comercio, Rapipago, o mediante E-Pagos, para lo cual se enviar\u00e1 un enlace al correo registrado en el RUT-SIA.<\/p>\n<h2><strong>Balance positivo para la campa\u00f1a 2024\/25<\/strong><\/h2>\n<p>Durante la temporada 2024-2025, se adhirieron 3.500 productores. El Gobierno provincial transfiri\u00f3 7.300 millones de pesos en compensaciones, de los cuales el 75% se destin\u00f3 al oasis Sur. Se realizaron pagos anticipados a productores con da\u00f1os superiores al 90%, incluyendo un desembolso de 630 millones de pesos en enero de 2025.<\/p>\n<p>\u201cEl trabajo con los seguros fue muy importante. Al estar indexados por inflaci\u00f3n, los productores no perdieron como en otros a\u00f1os. Adem\u00e1s, se pag\u00f3 a tiempo e incluso antes de lo previsto\u201d, destac\u00f3 el ministro de Producci\u00f3n, Rodolfo Vargas Arizu, en el cierre de la temporada 2024-2025.<\/p>\n","protected":false},"excerpt":{"rendered":"<p>Destinado a productores cuyas superficies cultivadas no superen las 30 hect\u00e1reas, se busca resguardar cultivos de vid, frutales, hortalizas de verano, &#8230;<\/p>\n","protected":false},"author":7,"featured_media":151746,"comment_status":"open","ping_status":"open","sticky":false,"template":"","format":"standard","meta":{"footnotes":""},"categories":[14,77],"tags":[],"class_list":["post-151745","post","type-post","status-publish","format-standard","has-post-thumbnail","hentry","category-agro","category-gobierno"],"_links":{"self":[{"href":"https:\/\/vinasfm.com\/noticias\/wp-json\/wp\/v2\/posts\/151745","targetHints":{"allow":["GET"]}}],"collection":[{"href":"https:\/\/vinasfm.com\/noticias\/wp-json\/wp\/v2\/posts"}],"about":[{"href":"https:\/\/vinasfm.com\/noticias\/wp-json\/wp\/v2\/types\/post"}],"author":[{"embeddable":true,"href":"https:\/\/vinasfm.com\/noticias\/wp-json\/wp\/v2\/users\/7"}],"replies":[{"embeddable":true,"href":"https:\/\/vinasfm.com\/noticias\/wp-json\/wp\/v2\/comments?post=151745"}],"version-history":[{"count":1,"href":"https:\/\/vinasfm.com\/noticias\/wp-json\/wp\/v2\/posts\/151745\/revisions"}],"predecessor-version":[{"id":151747,"href":"https:\/\/vinasfm.com\/noticias\/wp-json\/wp\/v2\/posts\/151745\/revisions\/151747"}],"wp:featuredmedia":[{"embeddable":true,"href":"https:\/\/vinasfm.com\/noticias\/wp-json\/wp\/v2\/media\/151746"}],"wp:attachment":[{"href":"https:\/\/vinasfm.com\/noticias\/wp-json\/wp\/v2\/media?parent=151745"}],"wp:term":[{"taxonomy":"category","embeddable":true,"href":"https:\/\/vinasfm.com\/noticias\/wp-json\/wp\/v2\/categories?post=151745"},{"taxonomy":"post_tag","embeddable":true,"href":"https:\/\/vinasfm.com\/noticias\/wp-json\/wp\/v2\/tags?post=151745"}],"curies":[{"name":"wp","href":"https:\/\/api.w.org\/{rel}","templated":true}]}}