{"id":151742,"date":"2025-08-11T08:14:54","date_gmt":"2025-08-11T11:14:54","guid":{"rendered":"https:\/\/vinasfm.com\/noticias\/?p=151742"},"modified":"2025-08-12T08:53:51","modified_gmt":"2025-08-12T11:53:51","slug":"general-alvear-sera-sede-del-segundo-encuentro-de-ceramica-y-vitrofusion-2025","status":"publish","type":"post","link":"https:\/\/vinasfm.com\/noticias\/general-alvear-sera-sede-del-segundo-encuentro-de-ceramica-y-vitrofusion-2025\/","title":{"rendered":"GENERAL ALVEAR SER\u00c1 SEDE DEL SEGUNDO ENCUENTRO DE CER\u00c1MICA Y VITROFUSI\u00d3N 2025"},"content":{"rendered":"<h4><strong><span style=\"color: #003300;\">El 20 de agosto, General Alvear\u00a0reunir\u00e1 a artesanos, artistas y a la comunidad en una jornada dedicada a la formaci\u00f3n, comercializaci\u00f3n y el desarrollo de la producci\u00f3n artesanal, consolidando as\u00ed el compromiso del Gobierno provincial con la econom\u00eda social.<\/span><\/strong><\/h4>\n<p>El encuentro programado para <strong>el 20 de agosto, ser\u00e1 de 9 a 17 y se llevar\u00e1 a cabo en el Predio Ferial Sal\u00f3n Fern\u00e1ndez, ubicado en la Ruta 188 y Calle 7, General Alvear.<\/strong> Se trata de una gran propuesta que re\u00fane arte, formaci\u00f3n, comercializaci\u00f3n y comunidad.<\/p>\n<p>Este evento est\u00e1 organizado por la <strong>direcci\u00f3n de Econom\u00eda Social del Ministerio de Gobierno, Infraestructura y Desarrollo Territorial, la Municipalidad de General Alvear y la Universidad Nacional de Cuyo<\/strong> a trav\u00e9s de la<strong> Facultad de Artes y Dise\u00f1o<\/strong>. Apunta a promover la circulaci\u00f3n de productos cer\u00e1micos y de\u00a0vitrofusi\u00f3n, incentivar el dise\u00f1o con identidad, y profesionalizar a quienes forman parte del ecosistema artesanal.<\/p>\n<p>Es importante recordar el rotundo \u00e9xito de la primera edici\u00f3n en 2024 y en este a\u00f1, el encuentro se traslada al sur mendocino con el prop\u00f3sito de seguir consolidando espacios que promuevan la producci\u00f3n artesanal, el desarrollo de saberes y el fortalecimiento de la econom\u00eda social y local.<\/p>\n<p>Este encuentro es parte de una estrategia territorial que busca fortalecer la econom\u00eda social, visibilizar el talento local y contribuir a la profesionalizaci\u00f3n de emprendimientos productivos.<strong> Se promueve la creaci\u00f3n de redes, el trabajo colaborativo y la valorizaci\u00f3n de oficios tradicionales con innovaci\u00f3n y dise\u00f1o.<\/strong><\/p>\n<p><img decoding=\"async\" class=\"aligncenter\" src=\"https:\/\/www.mendoza.gov.ar\/wp-content\/uploads\/sites\/5\/2025\/08\/ceramica-2-700x466.png\" \/><\/p>\n<h2><strong>Actividades<\/strong><\/h2>\n<p>Durante la jornada, se desarrollar\u00e1n talleres pr\u00e1cticos y espacios de formaci\u00f3n abiertos al p\u00fablico:<strong> taller de moldes y t\u00e9cnicas de vaciado; taller de formulaci\u00f3n de esmaltes cer\u00e1micos;\u00a0demostraci\u00f3n de torno alfarero; taller de\u00a0vitrofusi\u00f3n\u00a0y dise\u00f1o en vidrio, entre otras charlas y capacitaciones.\u00a0<\/strong> Adem\u00e1s, se podr\u00e1 disfrutar de la feria <em>\u201cM\u00e1s Arte en Tu Mesa\u201d<\/em>, con exposici\u00f3n y venta de piezas \u00fanicas, desarrolladas por emprendimientos de toda la provincia.<\/p>\n<p>La inscripci\u00f3n es abierta y gratuita. Sin embargo, requiere inscripci\u00f3n previa. Las personas interesadas pueden registrarse completando en este\u00a0<a href=\"https:\/\/forms.gle\/8bPdS4aqxydoq7929\" data-type=\"URL\" data-id=\"https:\/\/forms.gle\/8bPdS4aqxydoq7929\">formulario<\/a><\/p>\n<p>Informes por mensaje de whatsapp 2613 67-9616.<\/p>\n","protected":false},"excerpt":{"rendered":"<p>El 20 de agosto, General Alvear\u00a0reunir\u00e1 a artesanos, artistas y a la comunidad en una jornada dedicada a la formaci\u00f3n, comercializaci\u00f3n &#8230;<\/p>\n","protected":false},"author":7,"featured_media":151743,"comment_status":"open","ping_status":"open","sticky":false,"template":"","format":"standard","meta":{"footnotes":""},"categories":[10,11],"tags":[],"class_list":["post-151742","post","type-post","status-publish","format-standard","has-post-thumbnail","hentry","category-destacadas","category-sociales"],"_links":{"self":[{"href":"https:\/\/vinasfm.com\/noticias\/wp-json\/wp\/v2\/posts\/151742","targetHints":{"allow":["GET"]}}],"collection":[{"href":"https:\/\/vinasfm.com\/noticias\/wp-json\/wp\/v2\/posts"}],"about":[{"href":"https:\/\/vinasfm.com\/noticias\/wp-json\/wp\/v2\/types\/post"}],"author":[{"embeddable":true,"href":"https:\/\/vinasfm.com\/noticias\/wp-json\/wp\/v2\/users\/7"}],"replies":[{"embeddable":true,"href":"https:\/\/vinasfm.com\/noticias\/wp-json\/wp\/v2\/comments?post=151742"}],"version-history":[{"count":1,"href":"https:\/\/vinasfm.com\/noticias\/wp-json\/wp\/v2\/posts\/151742\/revisions"}],"predecessor-version":[{"id":151744,"href":"https:\/\/vinasfm.com\/noticias\/wp-json\/wp\/v2\/posts\/151742\/revisions\/151744"}],"wp:featuredmedia":[{"embeddable":true,"href":"https:\/\/vinasfm.com\/noticias\/wp-json\/wp\/v2\/media\/151743"}],"wp:attachment":[{"href":"https:\/\/vinasfm.com\/noticias\/wp-json\/wp\/v2\/media?parent=151742"}],"wp:term":[{"taxonomy":"category","embeddable":true,"href":"https:\/\/vinasfm.com\/noticias\/wp-json\/wp\/v2\/categories?post=151742"},{"taxonomy":"post_tag","embeddable":true,"href":"https:\/\/vinasfm.com\/noticias\/wp-json\/wp\/v2\/tags?post=151742"}],"curies":[{"name":"wp","href":"https:\/\/api.w.org\/{rel}","templated":true}]}}