{"id":151739,"date":"2025-08-10T12:56:46","date_gmt":"2025-08-10T15:56:46","guid":{"rendered":"https:\/\/vinasfm.com\/noticias\/?p=151739"},"modified":"2025-08-11T10:07:55","modified_gmt":"2025-08-11T13:07:55","slug":"conductor-alcoholizado-protagonizo-un-vuelco-en-la-madrugada-del-domingo","status":"publish","type":"post","link":"https:\/\/vinasfm.com\/noticias\/conductor-alcoholizado-protagonizo-un-vuelco-en-la-madrugada-del-domingo\/","title":{"rendered":"CONDUCTOR ALCOHOLIZADO PROTAGONIZ\u00d3 UN VUELCO EN LA MADRUGADA DEL DOMINGO"},"content":{"rendered":"<h4>\u00a0<span style=\"color: #003300;\"><strong>Un joven de 21 a\u00f1os, oriundo de General Alvear, protagoniz\u00f3 un aparatoso vuelco en horas de la madrugada en la Ruta 143, a la altura del kil\u00f3metro 455. El accidente, que ocurri\u00f3 alrededor de las 6:50, no involucr\u00f3 a otros veh\u00edculos.<\/strong><\/span><\/h4>\n<p>El conductor, que manejaba un <strong>Chevrolet Corsa<\/strong>, fue trasladado de inmediato al <strong>Hospital Enfermeros Argentinos con lesiones leves.<\/strong> Un test de alcoholemia <strong>revel\u00f3 que ten\u00eda 1,17 g\/l de alcohol en sangre, una cantidad muy por encima del l\u00edmite legal.<\/strong><\/p>\n<p>Seg\u00fan informaron las autoridades, <strong>el auto termin\u00f3 en la banquina con sus cuatro ruedas hacia arriba.<\/strong> Cuando le preguntaron por las circunstancias del accidente, el joven no recordaba en qu\u00e9 direcci\u00f3n estaba manejando.<\/p>\n<p>Por disposici\u00f3n del Juzgado Contravencional, una vez que reciba el alta m\u00e9dica, <strong>el conductor ser\u00e1 detenido y trasladado a la Comisar\u00eda 26.<\/strong> Adem\u00e1s, se le retendr\u00e1 su licencia de conducir y el veh\u00edculo.<\/p>\n","protected":false},"excerpt":{"rendered":"<p>\u00a0Un joven de 21 a\u00f1os, oriundo de General Alvear, protagoniz\u00f3 un aparatoso vuelco en horas de la madrugada en la Ruta &#8230;<\/p>\n","protected":false},"author":7,"featured_media":151740,"comment_status":"open","ping_status":"open","sticky":false,"template":"","format":"standard","meta":{"footnotes":""},"categories":[4],"tags":[],"class_list":["post-151739","post","type-post","status-publish","format-standard","has-post-thumbnail","hentry","category-policiales"],"_links":{"self":[{"href":"https:\/\/vinasfm.com\/noticias\/wp-json\/wp\/v2\/posts\/151739","targetHints":{"allow":["GET"]}}],"collection":[{"href":"https:\/\/vinasfm.com\/noticias\/wp-json\/wp\/v2\/posts"}],"about":[{"href":"https:\/\/vinasfm.com\/noticias\/wp-json\/wp\/v2\/types\/post"}],"author":[{"embeddable":true,"href":"https:\/\/vinasfm.com\/noticias\/wp-json\/wp\/v2\/users\/7"}],"replies":[{"embeddable":true,"href":"https:\/\/vinasfm.com\/noticias\/wp-json\/wp\/v2\/comments?post=151739"}],"version-history":[{"count":1,"href":"https:\/\/vinasfm.com\/noticias\/wp-json\/wp\/v2\/posts\/151739\/revisions"}],"predecessor-version":[{"id":151741,"href":"https:\/\/vinasfm.com\/noticias\/wp-json\/wp\/v2\/posts\/151739\/revisions\/151741"}],"wp:featuredmedia":[{"embeddable":true,"href":"https:\/\/vinasfm.com\/noticias\/wp-json\/wp\/v2\/media\/151740"}],"wp:attachment":[{"href":"https:\/\/vinasfm.com\/noticias\/wp-json\/wp\/v2\/media?parent=151739"}],"wp:term":[{"taxonomy":"category","embeddable":true,"href":"https:\/\/vinasfm.com\/noticias\/wp-json\/wp\/v2\/categories?post=151739"},{"taxonomy":"post_tag","embeddable":true,"href":"https:\/\/vinasfm.com\/noticias\/wp-json\/wp\/v2\/tags?post=151739"}],"curies":[{"name":"wp","href":"https:\/\/api.w.org\/{rel}","templated":true}]}}