{"id":151696,"date":"2025-08-08T11:31:37","date_gmt":"2025-08-08T14:31:37","guid":{"rendered":"https:\/\/vinasfm.com\/noticias\/?p=151696"},"modified":"2025-08-11T08:49:11","modified_gmt":"2025-08-11T11:49:11","slug":"adultos-mayores-de-general-alvear-participan-en-la-etapa-provincial-de-los-juegos-sanmartinianos","status":"publish","type":"post","link":"https:\/\/vinasfm.com\/noticias\/adultos-mayores-de-general-alvear-participan-en-la-etapa-provincial-de-los-juegos-sanmartinianos\/","title":{"rendered":"ADULTOS MAYORES DE GENERAL ALVEAR PARTICIPAN EN LA ETAPA PROVINCIAL DE LOS JUEGOS SANMARTINIANOS"},"content":{"rendered":"<h4>Una delegaci\u00f3n de 43 adultos mayores de General Alvear se encuentra participando en la etapa provincial de los Juegos Sanmartinianos, que se desarrollan en Mendoza, la comitiva compite en disciplinas como newcom, tejo, sapo, truco, p\u00e1del y m\u00e1s.<\/h4>\n<p><a href=\"https:\/\/vinasfm.com\/noticias\/wp-content\/uploads\/2025\/08\/IMG-20250808-WA0051.jpg\"><img loading=\"lazy\" decoding=\"async\" class=\"alignnone size-medium wp-image-151713\" src=\"https:\/\/vinasfm.com\/noticias\/wp-content\/uploads\/2025\/08\/IMG-20250808-WA0051-225x300.jpg\" alt=\"\" width=\"225\" height=\"300\" srcset=\"https:\/\/vinasfm.com\/noticias\/wp-content\/uploads\/2025\/08\/IMG-20250808-WA0051-225x300.jpg 225w, https:\/\/vinasfm.com\/noticias\/wp-content\/uploads\/2025\/08\/IMG-20250808-WA0051-768x1024.jpg 768w, https:\/\/vinasfm.com\/noticias\/wp-content\/uploads\/2025\/08\/IMG-20250808-WA0051.jpg 960w\" sizes=\"auto, (max-width: 225px) 100vw, 225px\" \/><\/a> <a href=\"https:\/\/vinasfm.com\/noticias\/wp-content\/uploads\/2025\/08\/IMG-20250808-WA0056.jpg\"><img loading=\"lazy\" decoding=\"async\" class=\"alignnone size-medium wp-image-151714\" src=\"https:\/\/vinasfm.com\/noticias\/wp-content\/uploads\/2025\/08\/IMG-20250808-WA0056-225x300.jpg\" alt=\"\" width=\"225\" height=\"300\" srcset=\"https:\/\/vinasfm.com\/noticias\/wp-content\/uploads\/2025\/08\/IMG-20250808-WA0056-225x300.jpg 225w, https:\/\/vinasfm.com\/noticias\/wp-content\/uploads\/2025\/08\/IMG-20250808-WA0056-768x1024.jpg 768w, https:\/\/vinasfm.com\/noticias\/wp-content\/uploads\/2025\/08\/IMG-20250808-WA0056.jpg 960w\" sizes=\"auto, (max-width: 225px) 100vw, 225px\" \/><\/a> <a href=\"https:\/\/vinasfm.com\/noticias\/wp-content\/uploads\/2025\/08\/IMG-20250808-WA0052.jpg\"><img loading=\"lazy\" decoding=\"async\" class=\"alignnone size-medium wp-image-151709\" src=\"https:\/\/vinasfm.com\/noticias\/wp-content\/uploads\/2025\/08\/IMG-20250808-WA0052-225x300.jpg\" alt=\"\" width=\"225\" height=\"300\" srcset=\"https:\/\/vinasfm.com\/noticias\/wp-content\/uploads\/2025\/08\/IMG-20250808-WA0052-225x300.jpg 225w, https:\/\/vinasfm.com\/noticias\/wp-content\/uploads\/2025\/08\/IMG-20250808-WA0052-768x1024.jpg 768w, https:\/\/vinasfm.com\/noticias\/wp-content\/uploads\/2025\/08\/IMG-20250808-WA0052.jpg 960w\" sizes=\"auto, (max-width: 225px) 100vw, 225px\" \/><\/a><\/p>\n<p><strong><span style=\"color: #800080;\">Hern\u00e1n Sayago<\/span><\/strong>, profesor a cargo, comento en di\u00e1logo con <strong><span style=\"color: #800080;\">FM VI\u00d1AS<\/span><\/strong> como estan siendo los d\u00edas de competici\u00f3n:<em><strong> &#8216;llegamos ayer y ya tuvimos una jornada intensa de competencias, hoy nos esperan las finales de Newcom y tejo, y ayer alcanzamos las semifinales de p\u00e1del con muy buenos resultados&#8217;<\/strong><\/em>.<\/p>\n<p><a href=\"https:\/\/vinasfm.com\/noticias\/wp-content\/uploads\/2025\/08\/IMG-20250808-WA0047.jpg\">\u00a0 \u00a0 \u00a0 <img loading=\"lazy\" decoding=\"async\" class=\"alignnone size-medium wp-image-151703\" src=\"https:\/\/vinasfm.com\/noticias\/wp-content\/uploads\/2025\/08\/IMG-20250808-WA0047-300x225.jpg\" alt=\"\" width=\"300\" height=\"225\" srcset=\"https:\/\/vinasfm.com\/noticias\/wp-content\/uploads\/2025\/08\/IMG-20250808-WA0047-300x225.jpg 300w, https:\/\/vinasfm.com\/noticias\/wp-content\/uploads\/2025\/08\/IMG-20250808-WA0047-1024x768.jpg 1024w, https:\/\/vinasfm.com\/noticias\/wp-content\/uploads\/2025\/08\/IMG-20250808-WA0047-768x576.jpg 768w, https:\/\/vinasfm.com\/noticias\/wp-content\/uploads\/2025\/08\/IMG-20250808-WA0047.jpg 1280w\" sizes=\"auto, (max-width: 300px) 100vw, 300px\" \/><\/a>\u00a0 \u00a0 \u00a0 \u00a0 \u00a0 \u00a0 <a href=\"https:\/\/vinasfm.com\/noticias\/wp-content\/uploads\/2025\/08\/IMG-20250808-WA0043.jpg\"><img loading=\"lazy\" decoding=\"async\" class=\"alignnone size-medium wp-image-151702\" src=\"https:\/\/vinasfm.com\/noticias\/wp-content\/uploads\/2025\/08\/IMG-20250808-WA0043-300x225.jpg\" alt=\"\" width=\"300\" height=\"225\" srcset=\"https:\/\/vinasfm.com\/noticias\/wp-content\/uploads\/2025\/08\/IMG-20250808-WA0043-300x225.jpg 300w, https:\/\/vinasfm.com\/noticias\/wp-content\/uploads\/2025\/08\/IMG-20250808-WA0043-1024x768.jpg 1024w, https:\/\/vinasfm.com\/noticias\/wp-content\/uploads\/2025\/08\/IMG-20250808-WA0043-768x576.jpg 768w, https:\/\/vinasfm.com\/noticias\/wp-content\/uploads\/2025\/08\/IMG-20250808-WA0043.jpg 1280w\" sizes=\"auto, (max-width: 300px) 100vw, 300px\" \/><\/a><\/p>\n<p>Los participantes de ambas ramas buscan clasificar a la etapa nacional que este a\u00f1o tendr\u00e1 lugar en Salta. <em><strong>&#8216;en cada edici\u00f3n, los adultos mayores de Alvear se destacan y nos traen alegr\u00edas, adem\u00e1s de competir, se promueve el ejercicio y la actividad f\u00edsica tan necesaria a cualquier edad y especialmente en la adultez mayor&#8217;<\/strong><\/em>, destac\u00f3 <strong><span style=\"color: #800080;\">Hern\u00e1n<\/span><\/strong>.<\/p>\n<p><a href=\"https:\/\/vinasfm.com\/noticias\/wp-content\/uploads\/2025\/08\/IMG-20250808-WA0048.jpg\">\u00a0 \u00a0 <img loading=\"lazy\" decoding=\"async\" class=\"alignnone size-medium wp-image-151708\" src=\"https:\/\/vinasfm.com\/noticias\/wp-content\/uploads\/2025\/08\/IMG-20250808-WA0048-300x225.jpg\" alt=\"\" width=\"300\" height=\"225\" srcset=\"https:\/\/vinasfm.com\/noticias\/wp-content\/uploads\/2025\/08\/IMG-20250808-WA0048-300x225.jpg 300w, https:\/\/vinasfm.com\/noticias\/wp-content\/uploads\/2025\/08\/IMG-20250808-WA0048-1024x768.jpg 1024w, https:\/\/vinasfm.com\/noticias\/wp-content\/uploads\/2025\/08\/IMG-20250808-WA0048-768x576.jpg 768w, https:\/\/vinasfm.com\/noticias\/wp-content\/uploads\/2025\/08\/IMG-20250808-WA0048.jpg 1280w\" sizes=\"auto, (max-width: 300px) 100vw, 300px\" \/><\/a>\u00a0 \u00a0 \u00a0 \u00a0 \u00a0 \u00a0 \u00a0 \u00a0 \u00a0<a href=\"https:\/\/vinasfm.com\/noticias\/wp-content\/uploads\/2025\/08\/IMG-20250808-WA0045.jpg\"><img loading=\"lazy\" decoding=\"async\" class=\"alignnone size-medium wp-image-151704\" src=\"https:\/\/vinasfm.com\/noticias\/wp-content\/uploads\/2025\/08\/IMG-20250808-WA0045-300x225.jpg\" alt=\"\" width=\"300\" height=\"225\" srcset=\"https:\/\/vinasfm.com\/noticias\/wp-content\/uploads\/2025\/08\/IMG-20250808-WA0045-300x225.jpg 300w, https:\/\/vinasfm.com\/noticias\/wp-content\/uploads\/2025\/08\/IMG-20250808-WA0045-1024x768.jpg 1024w, https:\/\/vinasfm.com\/noticias\/wp-content\/uploads\/2025\/08\/IMG-20250808-WA0045-768x576.jpg 768w, https:\/\/vinasfm.com\/noticias\/wp-content\/uploads\/2025\/08\/IMG-20250808-WA0045.jpg 1280w\" sizes=\"auto, (max-width: 300px) 100vw, 300px\" \/><\/a><\/p>\n<p>Las jornadas incluyen no solo competencias, sino tambi\u00e9n instancias de integraci\u00f3n y convivencia, con actividades recreativas y encuentros sociales.<\/p>\n<p>Adem\u00e1s de los torneos, durante todo el a\u00f1o se desarrollan talleres y actividades f\u00edsicas para adultos mayores en el polideportivo, centros de jubilados y espacios comunitarios.<\/p>\n","protected":false},"excerpt":{"rendered":"<p>Una delegaci\u00f3n de 43 adultos mayores de General Alvear se encuentra participando en la etapa provincial de los Juegos Sanmartinianos, que &#8230;<\/p>\n","protected":false},"author":7,"featured_media":151705,"comment_status":"open","ping_status":"open","sticky":false,"template":"","format":"standard","meta":{"footnotes":""},"categories":[3,11],"tags":[],"class_list":["post-151696","post","type-post","status-publish","format-standard","has-post-thumbnail","hentry","category-deportes","category-sociales"],"_links":{"self":[{"href":"https:\/\/vinasfm.com\/noticias\/wp-json\/wp\/v2\/posts\/151696","targetHints":{"allow":["GET"]}}],"collection":[{"href":"https:\/\/vinasfm.com\/noticias\/wp-json\/wp\/v2\/posts"}],"about":[{"href":"https:\/\/vinasfm.com\/noticias\/wp-json\/wp\/v2\/types\/post"}],"author":[{"embeddable":true,"href":"https:\/\/vinasfm.com\/noticias\/wp-json\/wp\/v2\/users\/7"}],"replies":[{"embeddable":true,"href":"https:\/\/vinasfm.com\/noticias\/wp-json\/wp\/v2\/comments?post=151696"}],"version-history":[{"count":1,"href":"https:\/\/vinasfm.com\/noticias\/wp-json\/wp\/v2\/posts\/151696\/revisions"}],"predecessor-version":[{"id":151716,"href":"https:\/\/vinasfm.com\/noticias\/wp-json\/wp\/v2\/posts\/151696\/revisions\/151716"}],"wp:featuredmedia":[{"embeddable":true,"href":"https:\/\/vinasfm.com\/noticias\/wp-json\/wp\/v2\/media\/151705"}],"wp:attachment":[{"href":"https:\/\/vinasfm.com\/noticias\/wp-json\/wp\/v2\/media?parent=151696"}],"wp:term":[{"taxonomy":"category","embeddable":true,"href":"https:\/\/vinasfm.com\/noticias\/wp-json\/wp\/v2\/categories?post=151696"},{"taxonomy":"post_tag","embeddable":true,"href":"https:\/\/vinasfm.com\/noticias\/wp-json\/wp\/v2\/tags?post=151696"}],"curies":[{"name":"wp","href":"https:\/\/api.w.org\/{rel}","templated":true}]}}