{"id":151691,"date":"2025-08-08T10:27:18","date_gmt":"2025-08-08T13:27:18","guid":{"rendered":"https:\/\/vinasfm.com\/noticias\/?p=151691"},"modified":"2025-08-08T10:27:18","modified_gmt":"2025-08-08T13:27:18","slug":"asi-sera-la-2-fecha-del-campeonato-alvearense-de-atletismo-con-circuito-homologado","status":"publish","type":"post","link":"https:\/\/vinasfm.com\/noticias\/asi-sera-la-2-fecha-del-campeonato-alvearense-de-atletismo-con-circuito-homologado\/","title":{"rendered":"AS\u00cd SER\u00c1 LA 2\u00b0 FECHA DEL CAMPEONATO ALVEARENSE DE ATLETISMO CON CIRCUITO HOMOLOGADO"},"content":{"rendered":"<p><span style=\"color: #003300;\"><strong>Este domingo se disputar\u00e1 la 2\u00b0 Fecha del Campeonato Alvearense de Atletismo, un evento que reunir\u00e1 a alrededor de 350 competidores y que contar\u00e1 con un circuito homologado, convirti\u00e9ndose en uno de los tres de la provincia que cumplen con los requisitos oficiales.<\/strong><\/span><\/p>\n<p>El<em> director de Deportes<\/em>, <span style=\"color: #003366;\"><strong>Alberto \u201cTito\u201d G\u00f3mez<\/strong><\/span>, destac\u00f3 el trabajo de organizaci\u00f3n que se viene realizando desde febrero: <strong><em>\u201cEstamos muy expectantes. Logramos la homologaci\u00f3n del circuito, lo que nos permite estar a la altura de los deportistas que vendr\u00e1n. Este es uno de los tres circuitos homologados de Mendoza y el que mejor se adapta para buscar marcas\u201d<\/em>.<\/strong><\/p>\n<p>El profesor <span style=\"color: #003366;\"><strong>Gustavo P\u00e9rez<\/strong><\/span>, coordinador de la competencia, detall\u00f3 que la prueba principal ser\u00e1 de 10 kil\u00f3metros y se disputar\u00e1 bajo las normativas de la <strong>Confederaci\u00f3n Argentina de Atletismo<\/strong> y la <strong>Asociaci\u00f3n Mendocina de Atletismo. <em>\u201cLa categor\u00eda principal est\u00e1 dividida cada cinco a\u00f1os, con una U20 para menores de 20. Tambi\u00e9n habr\u00e1 una distancia complementaria de 5 kil\u00f3metros para quienes se inician o se especializan en esa distancia\u201d<\/em><\/strong>, explic\u00f3.<\/p>\n<p>La homologaci\u00f3n, v\u00e1lida hasta 2030, permitir\u00e1 que las marcas obtenidas sean reconocidas oficialmente para clasificar a eventos de elite, como el <strong>Campeonato Nacional de 10K de ruta en San Isidro<\/strong>. <strong><em>\u201cNuestro circuito cumple con la altimetr\u00eda exigida por la World Athletics, lo que lo convierte en ideal para buscar tiempos oficiales\u201d<\/em><\/strong>, agreg\u00f3 P\u00e9rez.<\/p>\n<p>La jornada comenzar\u00e1 a las 11:00 con la largada de las pruebas de 5 y 10 kil\u00f3metros, mientras que las categor\u00edas infantiles iniciar\u00e1n a las 12:30. Las acreditaciones para atletas locales se realizar\u00e1n el s\u00e1bado, de 16:00 a 19:00, en el Polideportivo Deportistas Alvearenses. Los corredores de otras localidades podr\u00e1n acreditarse el mismo d\u00eda de la carrera, desde las 7:30 hasta media hora antes de la largada.<\/p>\n<p>G\u00f3mez invit\u00f3 a toda la comunidad a sumarse: <strong><em>\u201cEs un evento para disfrutar en familia, acompa\u00f1ar a los atletas y vivir una gran fiesta del deporte alvearense\u201d<\/em>.<\/strong><\/p>\n","protected":false},"excerpt":{"rendered":"<p>Este domingo se disputar\u00e1 la 2\u00b0 Fecha del Campeonato Alvearense de Atletismo, un evento que reunir\u00e1 a alrededor de 350 competidores &#8230;<\/p>\n","protected":false},"author":7,"featured_media":151692,"comment_status":"open","ping_status":"open","sticky":false,"template":"","format":"standard","meta":{"footnotes":""},"categories":[1],"tags":[],"class_list":["post-151691","post","type-post","status-publish","format-standard","has-post-thumbnail","hentry","category-fmvinas"],"_links":{"self":[{"href":"https:\/\/vinasfm.com\/noticias\/wp-json\/wp\/v2\/posts\/151691","targetHints":{"allow":["GET"]}}],"collection":[{"href":"https:\/\/vinasfm.com\/noticias\/wp-json\/wp\/v2\/posts"}],"about":[{"href":"https:\/\/vinasfm.com\/noticias\/wp-json\/wp\/v2\/types\/post"}],"author":[{"embeddable":true,"href":"https:\/\/vinasfm.com\/noticias\/wp-json\/wp\/v2\/users\/7"}],"replies":[{"embeddable":true,"href":"https:\/\/vinasfm.com\/noticias\/wp-json\/wp\/v2\/comments?post=151691"}],"version-history":[{"count":1,"href":"https:\/\/vinasfm.com\/noticias\/wp-json\/wp\/v2\/posts\/151691\/revisions"}],"predecessor-version":[{"id":151693,"href":"https:\/\/vinasfm.com\/noticias\/wp-json\/wp\/v2\/posts\/151691\/revisions\/151693"}],"wp:featuredmedia":[{"embeddable":true,"href":"https:\/\/vinasfm.com\/noticias\/wp-json\/wp\/v2\/media\/151692"}],"wp:attachment":[{"href":"https:\/\/vinasfm.com\/noticias\/wp-json\/wp\/v2\/media?parent=151691"}],"wp:term":[{"taxonomy":"category","embeddable":true,"href":"https:\/\/vinasfm.com\/noticias\/wp-json\/wp\/v2\/categories?post=151691"},{"taxonomy":"post_tag","embeddable":true,"href":"https:\/\/vinasfm.com\/noticias\/wp-json\/wp\/v2\/tags?post=151691"}],"curies":[{"name":"wp","href":"https:\/\/api.w.org\/{rel}","templated":true}]}}