{"id":151662,"date":"2025-08-07T11:03:11","date_gmt":"2025-08-07T14:03:11","guid":{"rendered":"https:\/\/vinasfm.com\/noticias\/?p=151662"},"modified":"2025-08-08T10:11:43","modified_gmt":"2025-08-08T13:11:43","slug":"endurecen-los-controles-de-vacunacion-en-mendoza-los-padres-que-se-nieguen-podran-ser-denunciados","status":"publish","type":"post","link":"https:\/\/vinasfm.com\/noticias\/endurecen-los-controles-de-vacunacion-en-mendoza-los-padres-que-se-nieguen-podran-ser-denunciados\/","title":{"rendered":"ENDURECEN LOS CONTROLES DE VACUNACI\u00d3N EN MENDOZA: LOS PADRES QUE SE NIEGUEN PODR\u00c1N SER DENUNCIADOS"},"content":{"rendered":"<h4><strong><span style=\"color: #003300;\">La medida establece un protocolo claro para los equipos de salud y educativos, y busca garantizar la salud p\u00fablica y proteger a los ni\u00f1os ante el preocupante aumento de la negativa de vacunas.<\/span><\/strong><\/h4>\n<p>El Ministerio de Salud y Deportes de Mendoza ha emitido una resoluci\u00f3n clave para reforzar el cumplimiento del\u00a0<strong>calendario de vacunaci\u00f3n obligatorio<\/strong>.<\/p>\n<p>La medida establece un procedimiento formal para denunciar a padres, tutores o encargados que se nieguen a vacunar a ni\u00f1os, ni\u00f1as, adolescentes o personas incapaces bajo su cuidado, seg\u00fan establece un decreto del Bolet\u00edn Oficial de Mendoza publicado este jueves.<\/p>\n<aside class=\"scaip scaip-2    \"><\/aside>\n<h3 id=\"h-asi-es-el-protocolo-ante-la-negativa\" class=\"wp-block-heading\">As\u00ed es el protocolo ante la negativa<\/h3>\n<p>La resoluci\u00f3n establece que\u00a0<strong>si un responsable se niega expresamente y por escrito a vacunar a un menor en un establecimiento escolar, deber\u00e1 aplicarle las vacunas obligatorias dentro de los 30 d\u00edas siguientes<\/strong>.<\/p>\n<p>El personal encargado de inmunizaciones de cada \u00c1rea Sanitaria ser\u00e1 responsable de verificar el cumplimiento de esta obligaci\u00f3n.<\/p>\n<aside class=\"scaip scaip-3    \"><\/aside>\n<p>En caso de constatar la omisi\u00f3n, deber\u00e1 notificar al\u00a0<strong>Equipo T\u00e9cnico Interdisciplinario (ETI)<\/strong>\u00a0y, de manera preferente,\u00a0<strong>denunciar la situaci\u00f3n a la autoridad policial, municipal o judicial<\/strong>\u00a0con competencia en materia contravencional. La misma exigencia se aplicar\u00e1 cuando la negativa se produzca en centros de salud u otros \u00e1mbitos.<\/p>\n<h3 id=\"h-seguimiento\" class=\"wp-block-heading\">Seguimiento<\/h3>\n<p>La normativa se basa en la\u00a0<strong>Ley Nacional N\u00b0 27.941<\/strong>, que declara la vacunaci\u00f3n como un bien social y obligatorio, y en la\u00a0<strong>Ley N\u00b0 9099 de Contravenciones<\/strong>, que prev\u00e9 sanciones para quienes incumplan con la obligaci\u00f3n de vacunar.<\/p>\n<aside class=\"scaip scaip-4    \"><\/aside>\n<p>Adem\u00e1s, la\u00a0<strong>Direcci\u00f3n de Epidemiolog\u00eda<\/strong>, Calidad y Control de Gesti\u00f3n de la provincia ser\u00e1 responsable de\u00a0<strong>registrar todas las denuncias realizadas<\/strong>. Esta informaci\u00f3n se utilizar\u00e1 para elaborar estad\u00edsticas y, de manera mensual, se informar\u00e1 a la Direcci\u00f3n General de Asuntos Jur\u00eddicos para que se realice un seguimiento de los casos. El objetivo es advertir sobre la posible reiteraci\u00f3n de la conducta, que podr\u00eda poner en riesgo la salud del menor y la comunidad.<\/p>\n<p>Con esta resoluci\u00f3n, el Gobierno busca establecer un marco legal claro y herramientas administrativas para combatir la minoritaria, pero preocupante, tendencia a rechazar las vacunas. La medida refuerza el principio de que la salud p\u00fablica prevalece sobre el inter\u00e9s particular, y busca garantizar la protecci\u00f3n de los derechos de los menores a una vida sana.<\/p>\n","protected":false},"excerpt":{"rendered":"<p>La medida establece un protocolo claro para los equipos de salud y educativos, y busca garantizar la salud p\u00fablica y proteger &#8230;<\/p>\n","protected":false},"author":7,"featured_media":151663,"comment_status":"open","ping_status":"open","sticky":false,"template":"","format":"standard","meta":{"footnotes":""},"categories":[77,15],"tags":[],"class_list":["post-151662","post","type-post","status-publish","format-standard","has-post-thumbnail","hentry","category-gobierno","category-salud"],"_links":{"self":[{"href":"https:\/\/vinasfm.com\/noticias\/wp-json\/wp\/v2\/posts\/151662","targetHints":{"allow":["GET"]}}],"collection":[{"href":"https:\/\/vinasfm.com\/noticias\/wp-json\/wp\/v2\/posts"}],"about":[{"href":"https:\/\/vinasfm.com\/noticias\/wp-json\/wp\/v2\/types\/post"}],"author":[{"embeddable":true,"href":"https:\/\/vinasfm.com\/noticias\/wp-json\/wp\/v2\/users\/7"}],"replies":[{"embeddable":true,"href":"https:\/\/vinasfm.com\/noticias\/wp-json\/wp\/v2\/comments?post=151662"}],"version-history":[{"count":2,"href":"https:\/\/vinasfm.com\/noticias\/wp-json\/wp\/v2\/posts\/151662\/revisions"}],"predecessor-version":[{"id":151665,"href":"https:\/\/vinasfm.com\/noticias\/wp-json\/wp\/v2\/posts\/151662\/revisions\/151665"}],"wp:featuredmedia":[{"embeddable":true,"href":"https:\/\/vinasfm.com\/noticias\/wp-json\/wp\/v2\/media\/151663"}],"wp:attachment":[{"href":"https:\/\/vinasfm.com\/noticias\/wp-json\/wp\/v2\/media?parent=151662"}],"wp:term":[{"taxonomy":"category","embeddable":true,"href":"https:\/\/vinasfm.com\/noticias\/wp-json\/wp\/v2\/categories?post=151662"},{"taxonomy":"post_tag","embeddable":true,"href":"https:\/\/vinasfm.com\/noticias\/wp-json\/wp\/v2\/tags?post=151662"}],"curies":[{"name":"wp","href":"https:\/\/api.w.org\/{rel}","templated":true}]}}