{"id":151631,"date":"2025-08-07T08:58:34","date_gmt":"2025-08-07T11:58:34","guid":{"rendered":"https:\/\/vinasfm.com\/noticias\/?p=151631"},"modified":"2025-08-08T10:14:20","modified_gmt":"2025-08-08T13:14:20","slug":"psj-cobre-mendocino-denis-rabanal-sostuvo-que-no-se-garantiza-el-cuidado-del-agua-ni-la-salud","status":"publish","type":"post","link":"https:\/\/vinasfm.com\/noticias\/psj-cobre-mendocino-denis-rabanal-sostuvo-que-no-se-garantiza-el-cuidado-del-agua-ni-la-salud\/","title":{"rendered":"PSJ COBRE MENDOCINO: DENIS RABANAL SOSTUVO QUE \u201cNO SE GARANTIZA EL CUIDADO DEL AGUA NI LA SALUD\u201d"},"content":{"rendered":"<p><strong><span style=\"color: #003300;\"> En di\u00e1logo con FM VI\u00d1AS, el Asesor de Gesti\u00f3n Ambiental Denis Rabanal se refiri\u00f3 a las recientes asambleas p\u00fablicas realizadas en el marco del proceso de evaluaci\u00f3n del Proyecto San Jorge (PSJ) Cobre Mendocino, que ha generado una fuerte controversia en Mendoza y distintas localidades del sur provincial.<\/span><\/strong><\/p>\n<p>Rabanal explic\u00f3 que se llevaron a cabo distintas audiencias p\u00fablicas. Una fue la audiencia oficial, <strong>realizada en las inmediaciones del predio del proyecto, en una zona de dif\u00edcil acceso, lo que limit\u00f3 la participaci\u00f3n de gran parte de la ciudadan\u00eda.<\/strong> Por ese motivo, vecinos y organizaciones convocaron de manera paralela una audiencia p\u00fablica en la villa de Uspallata, que cont\u00f3 con una participaci\u00f3n masiva y numerosas intervenciones. Seg\u00fan el funcionario, <strong>todas las voces en esa audiencia paralela se manifestaron en contra del proyecto minero<\/strong>.<\/p>\n<p><em><strong>\u201cEl lugar donde se hizo la audiencia oficial era inaccesible para muchos. En cambio, en la paralela en Uspallata hubo mucha gente y, lo m\u00e1s importante, muchas expresiones ciudadanas, todas contrarias al proyecto\u201d<\/strong><\/em>, afirm\u00f3 <span style=\"color: #003366;\"><strong>Rabanal<\/strong><\/span>.<\/p>\n<p>El proyecto, seg\u00fan se\u00f1al\u00f3, ha recibido numerosas observaciones t\u00e9cnicas. La <strong>Universidad Nacional de Cuyo<\/strong>, a trav\u00e9s de su informe t\u00e9cnico, cuestion\u00f3 varios aspectos del mismo. Tambi\u00e9n lo hizo la <strong>Facultad de Ciencias M\u00e9dicas<\/strong>, que advirti\u00f3 sobre la <strong>ausencia de estudios de impacto en la salud<\/strong>, particularmente por el uso del x<strong>antato<\/strong>, un qu\u00edmico considerado <em>cancer\u00edgeno y mutag\u00e9nico<\/em> por la Organizaci\u00f3n Mundial de la Salud.<\/p>\n<p>Adem\u00e1s, la <strong>Direcci\u00f3n Provincial de Vialidad<\/strong> objet\u00f3 la falta de an\u00e1lisis respecto a la carga vehicular que el proyecto implicar\u00eda en la zona. En la misma l\u00ednea, <strong>el Departamento General de Irrigaci\u00f3n<\/strong> cuestion\u00f3 el uso del agua propuesto por la empresa, estimado en <strong>141 litros por segundo<\/strong>, lo que afectar\u00eda el caudal ecol\u00f3gico del arroyo El Tigre. Tambi\u00e9n se advirti\u00f3 la <strong>falta de un estudio integral de la cuenca h\u00eddrica<\/strong>, que podr\u00eda estar conectada con la cuenca del r\u00edo Mendoza.<\/p>\n<p><em><strong>\u201cHubo estudios preliminares que indican que algunas cuencas estar\u00edan interconectadas, lo que podr\u00eda implicar riesgos ambientales m\u00e1s amplios\u201d<\/strong><\/em>, detall\u00f3 Rabanal.<\/p>\n<div style=\"width: 601px\" class=\"wp-caption aligncenter\"><img loading=\"lazy\" decoding=\"async\" src=\"https:\/\/scontent.fmdz10-1.fna.fbcdn.net\/v\/t39.30808-6\/503846504_30353338850923711_5812939459687139146_n.jpg?_nc_cat=111&amp;ccb=1-7&amp;_nc_sid=833d8c&amp;_nc_eui2=AeH-a2kqZ7yHxiuyDfZACl304_inS2KDsqvj-KdLYoOyq3is0ity4RvP5w-Y9cvAjEE9xBp2NpUee6M5JSmWUpPH&amp;_nc_ohc=ht7pr7CdMgEQ7kNvwGTywVk&amp;_nc_oc=Adm1V_aohheSYsfO-OhNtNNVkxCf0iS2-L4kokrXdHXPn4RX4NijcUHwmip_TD6xzSM&amp;_nc_zt=23&amp;_nc_ht=scontent.fmdz10-1.fna&amp;_nc_gid=GzYnk2UHvDJhFXAtoVF4Xw&amp;oh=00_AfUEVyAc3uUvabVyGjnQrxSnnxMHoQWxiZzRVHccUVoVBQ&amp;oe=689A5619\" alt=\"No hay ninguna descripci\u00f3n de la foto disponible.\" width=\"601\" height=\"321\" \/><p class=\"wp-caption-text\">Denis Rabanal, Asesor de Gesti\u00f3n Ambiental de General Alvear<\/p><\/div>\n<p>El proyecto San Jorge propone una extracci\u00f3n por flotaci\u00f3n, distinta a la lixiviaci\u00f3n con cianuro. Sin embargo, el producto utilizado \u2014santato\u2014 tambi\u00e9n representa riesgos sanitarios y ambientales. <strong><em>\u201cLa experiencia con <\/em>Bajo de La Alumbrera, en Catamarca, <em>nos dej\u00f3 un fuerte impacto ambiental negativo, y ese antecedente no puede ignorarse\u201d<\/em><\/strong>, agreg\u00f3 el referente ambiental.<\/p>\n<p>En paralelo, se realizaron <strong>movilizaciones en distintos puntos de Mendoza<\/strong>, incluso en General Alvear, donde vecinos que no pudieron viajar a Ciudad participaron de una protesta en el kil\u00f3metro cero.<\/p>\n<p>Finalmente, Rabanal record\u00f3 que el proyecto San Jorge se habilit\u00f3 tras una <strong>modificaci\u00f3n de la Ley 7722<\/strong> por parte de la Corte Suprema Nacional, que elimin\u00f3 la frase <em><strong>\u201cy otras sustancias qu\u00edmicas peligrosas\u201d<\/strong><\/em> del art\u00edculo que proh\u00edbe el uso de cianuro, mercurio y \u00e1cido sulf\u00farico. Aunque la empresa no usar\u00eda esas sustancias espec\u00edficas, <em><strong>\u201cel debate t\u00e9cnico y ambiental sigue plenamente vigente\u201d<\/strong><\/em>, concluy\u00f3.<\/p>\n<p>La fuerte oposici\u00f3n social, sumada a las objeciones t\u00e9cnicas, abre un nuevo cap\u00edtulo en la discusi\u00f3n sobre la miner\u00eda en Mendoza y el equilibrio entre desarrollo econ\u00f3mico, salud p\u00fablica y cuidado del ambiente.<\/p>\n","protected":false},"excerpt":{"rendered":"<p>En di\u00e1logo con FM VI\u00d1AS, el Asesor de Gesti\u00f3n Ambiental Denis Rabanal se refiri\u00f3 a las recientes asambleas p\u00fablicas realizadas en &#8230;<\/p>\n","protected":false},"author":7,"featured_media":151636,"comment_status":"open","ping_status":"open","sticky":false,"template":"","format":"standard","meta":{"footnotes":""},"categories":[192,42],"tags":[],"class_list":["post-151631","post","type-post","status-publish","format-standard","has-post-thumbnail","hentry","category-gestion-ambiental","category-opinion"],"_links":{"self":[{"href":"https:\/\/vinasfm.com\/noticias\/wp-json\/wp\/v2\/posts\/151631","targetHints":{"allow":["GET"]}}],"collection":[{"href":"https:\/\/vinasfm.com\/noticias\/wp-json\/wp\/v2\/posts"}],"about":[{"href":"https:\/\/vinasfm.com\/noticias\/wp-json\/wp\/v2\/types\/post"}],"author":[{"embeddable":true,"href":"https:\/\/vinasfm.com\/noticias\/wp-json\/wp\/v2\/users\/7"}],"replies":[{"embeddable":true,"href":"https:\/\/vinasfm.com\/noticias\/wp-json\/wp\/v2\/comments?post=151631"}],"version-history":[{"count":3,"href":"https:\/\/vinasfm.com\/noticias\/wp-json\/wp\/v2\/posts\/151631\/revisions"}],"predecessor-version":[{"id":151654,"href":"https:\/\/vinasfm.com\/noticias\/wp-json\/wp\/v2\/posts\/151631\/revisions\/151654"}],"wp:featuredmedia":[{"embeddable":true,"href":"https:\/\/vinasfm.com\/noticias\/wp-json\/wp\/v2\/media\/151636"}],"wp:attachment":[{"href":"https:\/\/vinasfm.com\/noticias\/wp-json\/wp\/v2\/media?parent=151631"}],"wp:term":[{"taxonomy":"category","embeddable":true,"href":"https:\/\/vinasfm.com\/noticias\/wp-json\/wp\/v2\/categories?post=151631"},{"taxonomy":"post_tag","embeddable":true,"href":"https:\/\/vinasfm.com\/noticias\/wp-json\/wp\/v2\/tags?post=151631"}],"curies":[{"name":"wp","href":"https:\/\/api.w.org\/{rel}","templated":true}]}}