{"id":151625,"date":"2025-08-06T22:24:08","date_gmt":"2025-08-07T01:24:08","guid":{"rendered":"https:\/\/vinasfm.com\/noticias\/?p=151625"},"modified":"2025-08-07T10:57:43","modified_gmt":"2025-08-07T13:57:43","slug":"choque-en-el-puente-del-rio-atuel-dos-vehiculos-involucrados","status":"publish","type":"post","link":"https:\/\/vinasfm.com\/noticias\/choque-en-el-puente-del-rio-atuel-dos-vehiculos-involucrados\/","title":{"rendered":"CHOQUE EN EL PUENTE DEL R\u00cdO ATUEL: DOS VEH\u00cdCULOS INVOLUCRADOS"},"content":{"rendered":"<p><span style=\"color: #003300;\"><strong>El hecho ocurri\u00f3 en la tarde-noche de este mi\u00e9rcoles, sobre el puente del R\u00edo Atuel.<\/strong><\/span><\/p>\n<p>Los rodados involucrados son un Dodge 1500 de color amarillo y una camioneta Toyota Hillux doble cabina de color blanco que, por motivos que se investigan, colisionaron sobre la calzada.<\/p>\n<p>Tras el siniestro, <strong>una ambulancia lleg\u00f3 r\u00e1pidamente al lugar para asistir a los posibles heridos.<\/strong> Asimismo, efectivos de la Polic\u00eda de Mendoza y personal de la Polic\u00eda Cient\u00edfica <strong>trabajaron en el lugar para realizar las pericias correspondientes y determinar las causas del choque.<\/strong><\/p>\n<p>Se constat\u00f3 la presencia de una familia compuesta por una mujer embarazada, su esposo y sus hijos menores. <strong>Todos fueron evaluados en el sitio del siniestro, presentando signos vitales normales y sin lesiones de gravedad.<\/strong> Se insisti\u00f3 especialmente en el traslado de la mujer al hospital debido a su estado de gestaci\u00f3n, pero ella decidi\u00f3 no hacerlo priorizando el bienestar de sus hijos, ya que refiri\u00f3 sentirse en buen estado general. <strong>Se les brindaron las pautas de alarma correspondientes.<\/strong><\/p>\n<p>Asimismo, un hombre que conduc\u00eda otro de los veh\u00edculos involucrados fue examinado y <strong>no present\u00f3 alteraciones cl\u00ednicas ni necesidad de atenci\u00f3n m\u00e9dica inmediata, por lo que tambi\u00e9n permaneci\u00f3 en el lugar.<\/strong><\/p>\n","protected":false},"excerpt":{"rendered":"<p>El hecho ocurri\u00f3 en la tarde-noche de este mi\u00e9rcoles, sobre el puente del R\u00edo Atuel. Los rodados involucrados son un Dodge &#8230;<\/p>\n","protected":false},"author":7,"featured_media":151626,"comment_status":"open","ping_status":"open","sticky":false,"template":"","format":"standard","meta":{"footnotes":""},"categories":[4,184],"tags":[],"class_list":["post-151625","post","type-post","status-publish","format-standard","has-post-thumbnail","hentry","category-policiales","category-siniestro-vial"],"_links":{"self":[{"href":"https:\/\/vinasfm.com\/noticias\/wp-json\/wp\/v2\/posts\/151625","targetHints":{"allow":["GET"]}}],"collection":[{"href":"https:\/\/vinasfm.com\/noticias\/wp-json\/wp\/v2\/posts"}],"about":[{"href":"https:\/\/vinasfm.com\/noticias\/wp-json\/wp\/v2\/types\/post"}],"author":[{"embeddable":true,"href":"https:\/\/vinasfm.com\/noticias\/wp-json\/wp\/v2\/users\/7"}],"replies":[{"embeddable":true,"href":"https:\/\/vinasfm.com\/noticias\/wp-json\/wp\/v2\/comments?post=151625"}],"version-history":[{"count":3,"href":"https:\/\/vinasfm.com\/noticias\/wp-json\/wp\/v2\/posts\/151625\/revisions"}],"predecessor-version":[{"id":151660,"href":"https:\/\/vinasfm.com\/noticias\/wp-json\/wp\/v2\/posts\/151625\/revisions\/151660"}],"wp:featuredmedia":[{"embeddable":true,"href":"https:\/\/vinasfm.com\/noticias\/wp-json\/wp\/v2\/media\/151626"}],"wp:attachment":[{"href":"https:\/\/vinasfm.com\/noticias\/wp-json\/wp\/v2\/media?parent=151625"}],"wp:term":[{"taxonomy":"category","embeddable":true,"href":"https:\/\/vinasfm.com\/noticias\/wp-json\/wp\/v2\/categories?post=151625"},{"taxonomy":"post_tag","embeddable":true,"href":"https:\/\/vinasfm.com\/noticias\/wp-json\/wp\/v2\/tags?post=151625"}],"curies":[{"name":"wp","href":"https:\/\/api.w.org\/{rel}","templated":true}]}}