{"id":151613,"date":"2025-08-06T12:14:26","date_gmt":"2025-08-06T15:14:26","guid":{"rendered":"https:\/\/vinasfm.com\/noticias\/?p=151613"},"modified":"2025-08-07T09:49:08","modified_gmt":"2025-08-07T12:49:08","slug":"lanzan-el-concurso-ambiental-escolar-2025-ambiente-modo-on-con-importantes-premios-para-proyectos-estudiantiles","status":"publish","type":"post","link":"https:\/\/vinasfm.com\/noticias\/lanzan-el-concurso-ambiental-escolar-2025-ambiente-modo-on-con-importantes-premios-para-proyectos-estudiantiles\/","title":{"rendered":"LANZAN EL CONCURSO AMBIENTAL ESCOLAR 2025: \u201cAMBIENTE MODO ON\u201d CON IMPORTANTES PREMIOS PARA PROYECTOS ESTUDIANTILES"},"content":{"rendered":"<h4><strong><span style=\"color: #003300;\">El Asesor de Gesti\u00f3n Ambiental, Denis Rabanal, present\u00f3 oficialmente el Concurso Ambiental Escolar 2025, bajo el lema \u201cAmbiente Modo ON\u201d, destinado a estudiantes del pen\u00faltimo a\u00f1o de escuelas secundarias de General Alvear. Se trata de una iniciativa que busca promover el compromiso ambiental entre los j\u00f3venes, incentivando la creaci\u00f3n de proyectos con impacto positivo tanto en sus instituciones como en sus comunidades.<\/span><\/strong><\/h4>\n<p><strong><em>\u201cEste es el primer concurso ambiental pensado exclusivamente para las secundarias\u201d<\/em>,<\/strong> explic\u00f3 Rabanal.<em> <strong>\u201cEst\u00e1 abierto a escuelas orientadas, t\u00e9cnicas y tambi\u00e9n a los CENS. Cada instituci\u00f3n puede presentar hasta dos proyectos, que pueden estar orientados a generar un cambio dentro de la escuela o en el entorno que la rodea\u201d.<\/strong><\/em><\/p>\n<p><em>Los estudiantes tendr\u00e1n tiempo <strong>hasta el 18 de agosto<\/strong> para inscribirse completando<\/em> un formulario online disponible en el siguiente enlace:<br \/>\n&#x1f449; <a href=\"https:\/\/forms.gle\/s3GrqNbWzseBN5uz9\">https:\/\/forms.gle\/s3GrqNbWzseBN5uz9<\/a><\/p>\n<p>Los <strong>tres mejores proyectos recibir\u00e1n premios en dinero<\/strong> para llevar adelante sus iniciativas durante el pr\u00f3ximo a\u00f1o:<\/p>\n<ul>\n<li>&#x1f947; <strong>Primer premio: $2.000.000<\/strong><\/li>\n<li>&#x1f948; <strong>Segundo premio: $1.500.000<\/strong><\/li>\n<li>&#x1f949; <strong>Tercer premio: $1.000.000<\/strong><\/li>\n<\/ul>\n<p>Las propuestas deber\u00e1n ser presentadas hasta el <strong>11 de octubre<\/strong>, acompa\u00f1adas de una carpeta de campo y <strong>tres videos explicativos<\/strong> por equipo. Posteriormente, entre el <strong>12 y el 25 de octubre<\/strong>, los videos ser\u00e1n subidos a una plataforma online donde podr\u00e1n ser <strong>votados por los vecinos<\/strong> del departamento.<\/p>\n<p><a href=\"https:\/\/vinasfm.com\/noticias\/wp-content\/uploads\/2025\/08\/Imagen-de-WhatsApp-2025-08-06-a-las-12.07.20_1c42fc51.jpg\"><img loading=\"lazy\" decoding=\"async\" class=\"wp-image-151614 aligncenter\" src=\"https:\/\/vinasfm.com\/noticias\/wp-content\/uploads\/2025\/08\/Imagen-de-WhatsApp-2025-08-06-a-las-12.07.20_1c42fc51-819x1024.jpg\" alt=\"\" width=\"600\" height=\"750\" \/><\/a><\/p>\n<p>La <strong>presentaci\u00f3n final<\/strong> ante el jurado ser\u00e1 el <strong>29 de octubre<\/strong> en la Bodega Fara\u00f3n. En esa instancia, cada grupo expondr\u00e1 su proyecto, teniendo en cuenta que este debe ajustarse al presupuesto del premio correspondiente. Finalmente, la <strong>entrega de premios<\/strong> se llevar\u00e1 a cabo el <strong>7 de noviembre durante el Festival Ambiental<\/strong>, donde tambi\u00e9n se otorgar\u00e1n menciones especiales.<\/p>\n<p>Para consultas o para conocer las bases y condiciones, los interesados pueden acercarse a las <strong>oficinas de Gesti\u00f3n Ambiental<\/strong>, en Paso de los Andes y Roca, de lunes a viernes de 7 a 13 hs, llamar al &#x1f4de; <strong>2625-427611<\/strong>, o escribir al &#x1f4e9; <strong><a href=\"mailto:gestionambiental@alvearmendoza.com.ar\">gestionambiental@alvearmendoza.com.ar<\/a><\/strong>.<\/p>\n","protected":false},"excerpt":{"rendered":"<p>El Asesor de Gesti\u00f3n Ambiental, Denis Rabanal, present\u00f3 oficialmente el Concurso Ambiental Escolar 2025, bajo el lema \u201cAmbiente Modo ON\u201d, destinado &#8230;<\/p>\n","protected":false},"author":7,"featured_media":151614,"comment_status":"open","ping_status":"open","sticky":false,"template":"","format":"standard","meta":{"footnotes":""},"categories":[18,192],"tags":[],"class_list":["post-151613","post","type-post","status-publish","format-standard","has-post-thumbnail","hentry","category-educacion","category-gestion-ambiental"],"_links":{"self":[{"href":"https:\/\/vinasfm.com\/noticias\/wp-json\/wp\/v2\/posts\/151613","targetHints":{"allow":["GET"]}}],"collection":[{"href":"https:\/\/vinasfm.com\/noticias\/wp-json\/wp\/v2\/posts"}],"about":[{"href":"https:\/\/vinasfm.com\/noticias\/wp-json\/wp\/v2\/types\/post"}],"author":[{"embeddable":true,"href":"https:\/\/vinasfm.com\/noticias\/wp-json\/wp\/v2\/users\/7"}],"replies":[{"embeddable":true,"href":"https:\/\/vinasfm.com\/noticias\/wp-json\/wp\/v2\/comments?post=151613"}],"version-history":[{"count":1,"href":"https:\/\/vinasfm.com\/noticias\/wp-json\/wp\/v2\/posts\/151613\/revisions"}],"predecessor-version":[{"id":151615,"href":"https:\/\/vinasfm.com\/noticias\/wp-json\/wp\/v2\/posts\/151613\/revisions\/151615"}],"wp:featuredmedia":[{"embeddable":true,"href":"https:\/\/vinasfm.com\/noticias\/wp-json\/wp\/v2\/media\/151614"}],"wp:attachment":[{"href":"https:\/\/vinasfm.com\/noticias\/wp-json\/wp\/v2\/media?parent=151613"}],"wp:term":[{"taxonomy":"category","embeddable":true,"href":"https:\/\/vinasfm.com\/noticias\/wp-json\/wp\/v2\/categories?post=151613"},{"taxonomy":"post_tag","embeddable":true,"href":"https:\/\/vinasfm.com\/noticias\/wp-json\/wp\/v2\/tags?post=151613"}],"curies":[{"name":"wp","href":"https:\/\/api.w.org\/{rel}","templated":true}]}}