{"id":151603,"date":"2025-08-06T11:02:51","date_gmt":"2025-08-06T14:02:51","guid":{"rendered":"https:\/\/vinasfm.com\/noticias\/?p=151603"},"modified":"2025-08-07T08:49:46","modified_gmt":"2025-08-07T11:49:46","slug":"el-cebja-ramon-carcamo-fue-sede-de-la-feria-de-ciencias-para-adultos-en-general-alvear","status":"publish","type":"post","link":"https:\/\/vinasfm.com\/noticias\/el-cebja-ramon-carcamo-fue-sede-de-la-feria-de-ciencias-para-adultos-en-general-alvear\/","title":{"rendered":"EL CEBJA RAM\u00d3N C\u00c1RCAMO FUE SEDE DE LA FERIA DE CIENCIAS PARA ADULTOS EN GENERAL ALVEAR"},"content":{"rendered":"<h4><strong><span style=\"color: #003300;\">Se llev\u00f3 a cabo la Feria de Ciencias STEAM 2025 en la sede del CEBJA 3036 Ram\u00f3n J. C\u00e1rcamo, que funciona dentro de la Escuela Salonia. Por primera vez, este centro educativo de adultos alberg\u00f3 la instancia departamental de esta feria, que congrega proyectos de los distintos CEBJA, CCT y CENS del departamento, bajo el lema: \u201cDescubre, Aprende y Experimenta\u201d.<\/span><\/strong><\/h4>\n<p>La <em>directora del CEBJA 3036<\/em>, <strong><span style=\"color: #003366;\">Alejandra Bandiera<\/span><\/strong>, destac\u00f3 la importancia del evento:<em><strong> \u201cestamos felices de recibirlos a todos ac\u00e1. Es la primera vez que se hace este encuentro en un CEBJA y estamos muy orgullosos. Tenemos alumnos trabajando en tres aulas sat\u00e9lites: en el CIC, en la Parroquia de F\u00e1tima y en la Fundaci\u00f3n Oportunidades. Esta feria es una muestra del trabajo que se realiza diariamente en los centros de educaci\u00f3n para adultos\u201d.<\/strong><\/em><\/p>\n<p>Participaron instituciones de Ciudad, Carmensa, Bowen, la Escandinava, el CEBJA 3018 de la Escuela Carlos Mar\u00eda de Alvear, y otros centros de formaci\u00f3n. Los trabajos presentados, elaborados por estudiantes adultos, fueron evaluados por valoradores que revisaron las carpetas de campo, los stands y las exposiciones. Uno de los CEBJA y un CCT ser\u00e1n seleccionados para representar al departamento en la instancia provincial.<\/p>\n<p>Por su parte, el <em>director de Educaci\u00f3n del municipio<\/em>, <strong>Jos\u00e9 Mor\u00e1n<\/strong>, remarc\u00f3 el valor de este tipo de iniciativas para fortalecer la educaci\u00f3n de adultos. <em><strong>\u201cEsta feria es una oportunidad para mostrar lo que los alumnos hacen cada d\u00eda en el aula y en la comunidad. Hemos visto proyectos sobre h\u00e1bitos saludables, carpinter\u00eda \u2014un oficio muy demandado\u2014, dise\u00f1o de indumentaria, entre otros temas que reflejan compromiso, creatividad y formaci\u00f3n pr\u00e1ctica\u201d<\/strong><\/em>.<\/p>\n<p>Mor\u00e1n tambi\u00e9n enfatiz\u00f3 que este tipo de eventos ayudan a motivar a los estudiantes adultos, quienes muchas veces enfrentan desaf\u00edos para continuar su formaci\u00f3n. <strong><em>\u201cLa modalidad de adultos lucha mucho con el tema de matr\u00edculas, y actividades como esta son fundamentales para mantener el inter\u00e9s y el entusiasmo. Adem\u00e1s, permiten proyectar un futuro con m\u00e1s y mejores trabajos\u201d.<\/em><\/strong><\/p>\n","protected":false},"excerpt":{"rendered":"<p>Se llev\u00f3 a cabo la Feria de Ciencias STEAM 2025 en la sede del CEBJA 3036 Ram\u00f3n J. C\u00e1rcamo, que funciona &#8230;<\/p>\n","protected":false},"author":7,"featured_media":151604,"comment_status":"open","ping_status":"open","sticky":false,"template":"","format":"standard","meta":{"footnotes":""},"categories":[5,18],"tags":[],"class_list":["post-151603","post","type-post","status-publish","format-standard","has-post-thumbnail","hentry","category-actualidad","category-educacion"],"_links":{"self":[{"href":"https:\/\/vinasfm.com\/noticias\/wp-json\/wp\/v2\/posts\/151603","targetHints":{"allow":["GET"]}}],"collection":[{"href":"https:\/\/vinasfm.com\/noticias\/wp-json\/wp\/v2\/posts"}],"about":[{"href":"https:\/\/vinasfm.com\/noticias\/wp-json\/wp\/v2\/types\/post"}],"author":[{"embeddable":true,"href":"https:\/\/vinasfm.com\/noticias\/wp-json\/wp\/v2\/users\/7"}],"replies":[{"embeddable":true,"href":"https:\/\/vinasfm.com\/noticias\/wp-json\/wp\/v2\/comments?post=151603"}],"version-history":[{"count":2,"href":"https:\/\/vinasfm.com\/noticias\/wp-json\/wp\/v2\/posts\/151603\/revisions"}],"predecessor-version":[{"id":151606,"href":"https:\/\/vinasfm.com\/noticias\/wp-json\/wp\/v2\/posts\/151603\/revisions\/151606"}],"wp:featuredmedia":[{"embeddable":true,"href":"https:\/\/vinasfm.com\/noticias\/wp-json\/wp\/v2\/media\/151604"}],"wp:attachment":[{"href":"https:\/\/vinasfm.com\/noticias\/wp-json\/wp\/v2\/media?parent=151603"}],"wp:term":[{"taxonomy":"category","embeddable":true,"href":"https:\/\/vinasfm.com\/noticias\/wp-json\/wp\/v2\/categories?post=151603"},{"taxonomy":"post_tag","embeddable":true,"href":"https:\/\/vinasfm.com\/noticias\/wp-json\/wp\/v2\/tags?post=151603"}],"curies":[{"name":"wp","href":"https:\/\/api.w.org\/{rel}","templated":true}]}}