{"id":151593,"date":"2025-08-06T10:04:38","date_gmt":"2025-08-06T13:04:38","guid":{"rendered":"https:\/\/vinasfm.com\/noticias\/?p=151593"},"modified":"2025-08-06T10:04:38","modified_gmt":"2025-08-06T13:04:38","slug":"sur-mendocino-al-frente-impulsan-conectividad-internacional-en-cancilleria","status":"publish","type":"post","link":"https:\/\/vinasfm.com\/noticias\/sur-mendocino-al-frente-impulsan-conectividad-internacional-en-cancilleria\/","title":{"rendered":"SUR MENDOCINO AL FRENTE: IMPULSAN CONECTIVIDAD INTERNACIONAL EN CANCILLER\u00cdA"},"content":{"rendered":"<div class=\"x14z9mp xat24cr x1lziwak x1vvkbs xtlvy1s x126k92a\">\n<h4 dir=\"auto\"><span style=\"color: #003300;\"><strong>Representantes de las c\u00e1maras de comercio de San Rafael, Alvear y Malarg\u00fce fueron recibidos en Canciller\u00eda por el secretario Fernando Brun, con un objetivo claro: reforzar la integraci\u00f3n con Chile a trav\u00e9s de los pasos Las Le\u00f1as y Pehuenche.<\/strong><\/span><\/h4>\n<\/div>\n<div class=\"x14z9mp xat24cr x1lziwak x1vvkbs xtlvy1s x126k92a\">\n<div dir=\"auto\">Pidieron prioridad para la creaci\u00f3n del<strong> Ente Binacional Paso Las Le\u00f1as<\/strong> (EBILE\u00d1AS), clave para destrabar avances en el proyecto, y reclamaron que se habilite el paso Pehuenche al tr\u00e1nsito de cargas generales.<\/div>\n<\/div>\n<div class=\"x14z9mp xat24cr x1lziwak x1vvkbs xtlvy1s x126k92a\">\n<div dir=\"auto\"><\/div>\n<div dir=\"auto\">Adem\u00e1s del compromiso oficial de reactivar el di\u00e1logo con Chile, tambi\u00e9n se habl\u00f3 de crear un corredor comercial que potencie la salida de productos locales hacia el Pac\u00edfico.<\/div>\n<\/div>\n<div class=\"x14z9mp xat24cr x1lziwak x1vvkbs xtlvy1s x126k92a\">\n<div dir=\"auto\"><\/div>\n<div dir=\"auto\">En la reuni\u00f3n <strong>tambi\u00e9n estuvieron APORCAM y el Comit\u00e9 de Exportadores de Ciruela, en una muestra de unidad del sector privado.<\/strong> La cita fue un paso m\u00e1s hacia una Mendoza m\u00e1s conectada y con fuerte proyecci\u00f3n internacional.<\/div>\n<\/div>\n","protected":false},"excerpt":{"rendered":"<p>Representantes de las c\u00e1maras de comercio de San Rafael, Alvear y Malarg\u00fce fueron recibidos en Canciller\u00eda por el secretario Fernando Brun, &#8230;<\/p>\n","protected":false},"author":7,"featured_media":151594,"comment_status":"open","ping_status":"open","sticky":false,"template":"","format":"standard","meta":{"footnotes":""},"categories":[1],"tags":[],"class_list":["post-151593","post","type-post","status-publish","format-standard","has-post-thumbnail","hentry","category-fmvinas"],"_links":{"self":[{"href":"https:\/\/vinasfm.com\/noticias\/wp-json\/wp\/v2\/posts\/151593","targetHints":{"allow":["GET"]}}],"collection":[{"href":"https:\/\/vinasfm.com\/noticias\/wp-json\/wp\/v2\/posts"}],"about":[{"href":"https:\/\/vinasfm.com\/noticias\/wp-json\/wp\/v2\/types\/post"}],"author":[{"embeddable":true,"href":"https:\/\/vinasfm.com\/noticias\/wp-json\/wp\/v2\/users\/7"}],"replies":[{"embeddable":true,"href":"https:\/\/vinasfm.com\/noticias\/wp-json\/wp\/v2\/comments?post=151593"}],"version-history":[{"count":1,"href":"https:\/\/vinasfm.com\/noticias\/wp-json\/wp\/v2\/posts\/151593\/revisions"}],"predecessor-version":[{"id":151595,"href":"https:\/\/vinasfm.com\/noticias\/wp-json\/wp\/v2\/posts\/151593\/revisions\/151595"}],"wp:featuredmedia":[{"embeddable":true,"href":"https:\/\/vinasfm.com\/noticias\/wp-json\/wp\/v2\/media\/151594"}],"wp:attachment":[{"href":"https:\/\/vinasfm.com\/noticias\/wp-json\/wp\/v2\/media?parent=151593"}],"wp:term":[{"taxonomy":"category","embeddable":true,"href":"https:\/\/vinasfm.com\/noticias\/wp-json\/wp\/v2\/categories?post=151593"},{"taxonomy":"post_tag","embeddable":true,"href":"https:\/\/vinasfm.com\/noticias\/wp-json\/wp\/v2\/tags?post=151593"}],"curies":[{"name":"wp","href":"https:\/\/api.w.org\/{rel}","templated":true}]}}