{"id":151588,"date":"2025-08-06T10:00:17","date_gmt":"2025-08-06T13:00:17","guid":{"rendered":"https:\/\/vinasfm.com\/noticias\/?p=151588"},"modified":"2025-08-06T10:00:17","modified_gmt":"2025-08-06T13:00:17","slug":"plan-estrategico-contra-el-abigeato-decomisan-mas-de-170-kilos-de-carne-en-mal-estado","status":"publish","type":"post","link":"https:\/\/vinasfm.com\/noticias\/plan-estrategico-contra-el-abigeato-decomisan-mas-de-170-kilos-de-carne-en-mal-estado\/","title":{"rendered":"PLAN ESTRAT\u00c9GICO CONTRA EL ABIGEATO: DECOMISAN M\u00c1S DE 170 KILOS DE CARNE EN MAL ESTADO"},"content":{"rendered":"<h4><strong>Durante inspecciones en General Alvear y Ciudad, la Polic\u00eda Rural detect\u00f3 productos sin trazabilidad, en mal estado de conservaci\u00f3n y sin condiciones sanitarias. Tambi\u00e9n encontraron un ejemplar faenado de fauna silvestre.<\/strong><\/h4>\n<p>En el marco del plan estrat\u00e9gico contra el abigeato, la Polic\u00eda Rural de Mendoza, en conjunto con personal de Bromatolog\u00eda de los municipios de General Alvear y Capital, realiz\u00f3 una serie de operativos preventivos en distintos locales comerciales, que derivaron en el decomiso de m\u00e1s de 170 kilos de carne en mal estado.<\/p>\n<p>Durante los procedimientos, adem\u00e1s, se secuestraron productos vencidos y un ejemplar de fauna silvestre faenado. Todos los operativos se realizaron en establecimientos que carec\u00edan de habilitaci\u00f3n y no cumpl\u00edan con las m\u00ednimas condiciones higi\u00e9nicas para su funcionamiento.<\/p>\n<p>El primer operativo se realiz\u00f3 en un local de General Alvear, donde se incautaron m\u00e1s de 23 kilos de carne sin rotulaci\u00f3n ni refrigeraci\u00f3n adecuada. Ante la falta de habilitaci\u00f3n y la presencia de contaminaci\u00f3n cruzada, el comercio fue clausurado y los productos fueron desnaturalizados.<\/p>\n<p>En una segunda inspecci\u00f3n, en el paraje Carmensa del mismo departamento, se detectaron graves irregularidades sanitarias, incluyendo la presencia de un piche eviscerado \u2013animal perteneciente a la fauna silvestre\u2013 almacenado en un freezer. En ese lugar tambi\u00e9n, se decomisaron m\u00e1s de 110 kilos de carne sin trazabilidad.<\/p>\n<p>Por \u00faltimo, en Ciudad, efectivos de Polic\u00eda Rural junto al equipo de Bromatolog\u00eda de Capital realizaron un operativo en un local de calle Las Heras. All\u00ed se decomisaron m\u00e1s de 50 kilos de carne porcina y de chivo. Tras las actuaciones correspondientes, se labraron las actas seg\u00fan el art\u00edculo 201 del C\u00f3digo Penal.<\/p>\n","protected":false},"excerpt":{"rendered":"<p>Durante inspecciones en General Alvear y Ciudad, la Polic\u00eda Rural detect\u00f3 productos sin trazabilidad, en mal estado de conservaci\u00f3n y sin &#8230;<\/p>\n","protected":false},"author":7,"featured_media":151589,"comment_status":"open","ping_status":"open","sticky":false,"template":"","format":"standard","meta":{"footnotes":""},"categories":[1],"tags":[],"class_list":["post-151588","post","type-post","status-publish","format-standard","has-post-thumbnail","hentry","category-fmvinas"],"_links":{"self":[{"href":"https:\/\/vinasfm.com\/noticias\/wp-json\/wp\/v2\/posts\/151588","targetHints":{"allow":["GET"]}}],"collection":[{"href":"https:\/\/vinasfm.com\/noticias\/wp-json\/wp\/v2\/posts"}],"about":[{"href":"https:\/\/vinasfm.com\/noticias\/wp-json\/wp\/v2\/types\/post"}],"author":[{"embeddable":true,"href":"https:\/\/vinasfm.com\/noticias\/wp-json\/wp\/v2\/users\/7"}],"replies":[{"embeddable":true,"href":"https:\/\/vinasfm.com\/noticias\/wp-json\/wp\/v2\/comments?post=151588"}],"version-history":[{"count":1,"href":"https:\/\/vinasfm.com\/noticias\/wp-json\/wp\/v2\/posts\/151588\/revisions"}],"predecessor-version":[{"id":151591,"href":"https:\/\/vinasfm.com\/noticias\/wp-json\/wp\/v2\/posts\/151588\/revisions\/151591"}],"wp:featuredmedia":[{"embeddable":true,"href":"https:\/\/vinasfm.com\/noticias\/wp-json\/wp\/v2\/media\/151589"}],"wp:attachment":[{"href":"https:\/\/vinasfm.com\/noticias\/wp-json\/wp\/v2\/media?parent=151588"}],"wp:term":[{"taxonomy":"category","embeddable":true,"href":"https:\/\/vinasfm.com\/noticias\/wp-json\/wp\/v2\/categories?post=151588"},{"taxonomy":"post_tag","embeddable":true,"href":"https:\/\/vinasfm.com\/noticias\/wp-json\/wp\/v2\/tags?post=151588"}],"curies":[{"name":"wp","href":"https:\/\/api.w.org\/{rel}","templated":true}]}}