{"id":151582,"date":"2025-08-06T09:43:01","date_gmt":"2025-08-06T12:43:01","guid":{"rendered":"https:\/\/vinasfm.com\/noticias\/?p=151582"},"modified":"2025-08-06T09:43:01","modified_gmt":"2025-08-06T12:43:01","slug":"nuevo-centro-de-operaciones-y-control-de-cecsagal-una-apuesta-a-la-eficiencia-la-tecnologia-y-el-compromiso-social","status":"publish","type":"post","link":"https:\/\/vinasfm.com\/noticias\/nuevo-centro-de-operaciones-y-control-de-cecsagal-una-apuesta-a-la-eficiencia-la-tecnologia-y-el-compromiso-social\/","title":{"rendered":"NUEVO CENTRO DE OPERACIONES Y CONTROL DE CECSAGAL: UNA APUESTA A LA EFICIENCIA, LA TECNOLOG\u00cdA Y EL COMPROMISO SOCIAL"},"content":{"rendered":"<p><span style=\"color: #003300;\"><strong>En un acto que marc\u00f3 un nuevo hito para el desarrollo energ\u00e9tico del sur mendocino, la Cooperativa El\u00e9ctrica CECSAGAL inaugur\u00f3 su Centro de Operaciones y Centro de Control, una obra largamente planificada que se convierte en un verdadero punto de inflexi\u00f3n en la calidad del servicio el\u00e9ctrico para los asociados y usuarios de la regi\u00f3n.<\/strong><\/span><\/p>\n<p>La iniciativa fue impulsada por la necesidad de <strong>descentralizar la log\u00edstica operativa<\/strong> del centro urbano, permitiendo as\u00ed una mejor circulaci\u00f3n de veh\u00edculos de trabajo y una organizaci\u00f3n m\u00e1s eficiente del personal. <em><strong>\u201cLa idea naci\u00f3 hace unos a\u00f1os por la dificultad que ten\u00edamos con la salida e ingreso de camiones y gr\u00faas desde nuestra sede c\u00e9ntrica\u201d<\/strong><\/em>, explic\u00f3 el gerente de la cooperativa, <span style=\"color: #003366;\"><strong>Claudio Herrada<\/strong><\/span>, en di\u00e1logo con <span style=\"color: #800080;\"><strong>FM VI\u00d1AS<\/strong><\/span>.<\/p>\n<p><strong><em>\u201cHoy inauguramos no s\u00f3lo un nuevo centro de operaciones, sino tambi\u00e9n un centro de control que permitir\u00e1<\/em> monitorear en tiempo real nuestras redes de media tensi\u00f3n los siete d\u00edas de la semana, las 24 horas\u201d<\/strong>, expres\u00f3<\/p>\n<p>Aunque no se precis\u00f3 el monto final de la inversi\u00f3n, Herrada estim\u00f3 que el proyecto podr\u00eda rondar los <strong>800 o 900 millones de pesos<\/strong>, y destac\u00f3 que lo m\u00e1s importante es el impacto en la calidad del servicio:<em><strong> \u201cM\u00e1s all\u00e1 del n\u00famero, lo valioso es el salto de calidad que se logra en la atenci\u00f3n y en la comodidad tanto para asociados como para trabajadores\u201d.<\/strong><\/em><\/p>\n<p>El nuevo centro tambi\u00e9n se articula con otras \u00e1reas estrat\u00e9gicas de la cooperativa, como el servicio de <strong>internet por fibra \u00f3ptica<\/strong>, que ha tenido un fuerte impulso en los \u00faltimos a\u00f1os, especialmente en zonas que suelen quedar marginadas de las inversiones privadas.<strong><em> \u201cDesde la cooperativa se ha hecho un<\/em> gran esfuerzo social para llegar con tecnolog\u00eda de punta a barrios y parajes alejados\u201d<\/strong>, remarc\u00f3 Herrada.<\/p>\n<p>Adem\u00e1s, resalt\u00f3 el rol social de CECSAGAL, especialmente en servicios esenciales como el <strong>suministro de agua, el servicio de sepelio <\/strong>y la <strong>educaci\u00f3n<\/strong>, donde la entidad ha sido clave para lograr que carreras universitarias lleguen por primera vez a General Alvear.<\/p>\n<p><strong><em>\u201cNo se trata de competir entre universidades, sino de<\/em> sumar oportunidades para que nuestros j\u00f3venes no se vean obligados a dejar el departamento por falta de oferta acad\u00e9mica\u201d<\/strong>, afirm\u00f3 Herrada.<\/p>\n<p>Por su parte, el presidente de la cooperativa,<span style=\"color: #003366;\"> <strong>Gustavo Rubio<\/strong>,<\/span> valor\u00f3 el crecimiento sostenido de la instituci\u00f3n y record\u00f3 el origen del cooperativismo local: <em><strong>\u201cLa cooperativa naci\u00f3 hace 74 a\u00f1os por la deficiente calidad el\u00e9ctrica que sufr\u00eda la poblaci\u00f3n. Hoy, con esta obra, ratificamos aquel objetivo fundacional: mejorar la calidad de la distribuci\u00f3n el\u00e9ctrica\u201d.<\/strong><\/em><\/p>\n<p>Rubio tambi\u00e9n destac\u00f3 la articulaci\u00f3n con el municipio y otras instituciones, y celebr\u00f3 el convenio con la Universidad Nacional de San Luis, que permiti\u00f3 que alumnos accedan a comedor gratuito durante la semana. <em><strong>\u201cEso tambi\u00e9n es cooperativismo: el quinto principio es la educaci\u00f3n<\/strong>, y cada estudiante que ayudamos es una inversi\u00f3n a futuro para nuestro departamento\u201d<\/em>, se\u00f1al\u00f3 emocionado.<\/p>\n<p>Finalmente, el presidente record\u00f3 que el predio donde se construy\u00f3 el nuevo centro fue recuperado y puesto en valor luego de a\u00f1os de abandono, transform\u00e1ndose hoy en una estructura moderna, sin endeudamiento y al servicio de toda la comunidad.<\/p>\n<p>\u201c<em><strong>Nos llev\u00f3 cuatro a\u00f1os, con demoras por razones ajenas a nuestra voluntad, pero lo logramos, y sin contraer deuda. No fue un gasto, fue una inversi\u00f3n con sentido social\u201d.<\/strong><\/em><\/p>\n<p>La inauguraci\u00f3n del<a href=\"https:\/\/vinasfm.com\/noticias\/cecsagal-inauguro-un-moderno-centro-de-operaciones-en-su-74-aniversario\/\"> Centro de Operaciones y Control de CECSAGAL<\/a> no solo significa una mejora en la infraestructura el\u00e9ctrica, sino una <strong>manifestaci\u00f3n concreta del esp\u00edritu cooperativo<\/strong> que define a General Alvear: crecimiento con equidad, compromiso con la comunidad y una visi\u00f3n sostenida de futuro.<\/p>\n","protected":false},"excerpt":{"rendered":"<p>En un acto que marc\u00f3 un nuevo hito para el desarrollo energ\u00e9tico del sur mendocino, la Cooperativa El\u00e9ctrica CECSAGAL inaugur\u00f3 su &#8230;<\/p>\n","protected":false},"author":7,"featured_media":151584,"comment_status":"open","ping_status":"open","sticky":false,"template":"","format":"standard","meta":{"footnotes":""},"categories":[1],"tags":[],"class_list":["post-151582","post","type-post","status-publish","format-standard","has-post-thumbnail","hentry","category-fmvinas"],"_links":{"self":[{"href":"https:\/\/vinasfm.com\/noticias\/wp-json\/wp\/v2\/posts\/151582","targetHints":{"allow":["GET"]}}],"collection":[{"href":"https:\/\/vinasfm.com\/noticias\/wp-json\/wp\/v2\/posts"}],"about":[{"href":"https:\/\/vinasfm.com\/noticias\/wp-json\/wp\/v2\/types\/post"}],"author":[{"embeddable":true,"href":"https:\/\/vinasfm.com\/noticias\/wp-json\/wp\/v2\/users\/7"}],"replies":[{"embeddable":true,"href":"https:\/\/vinasfm.com\/noticias\/wp-json\/wp\/v2\/comments?post=151582"}],"version-history":[{"count":1,"href":"https:\/\/vinasfm.com\/noticias\/wp-json\/wp\/v2\/posts\/151582\/revisions"}],"predecessor-version":[{"id":151585,"href":"https:\/\/vinasfm.com\/noticias\/wp-json\/wp\/v2\/posts\/151582\/revisions\/151585"}],"wp:featuredmedia":[{"embeddable":true,"href":"https:\/\/vinasfm.com\/noticias\/wp-json\/wp\/v2\/media\/151584"}],"wp:attachment":[{"href":"https:\/\/vinasfm.com\/noticias\/wp-json\/wp\/v2\/media?parent=151582"}],"wp:term":[{"taxonomy":"category","embeddable":true,"href":"https:\/\/vinasfm.com\/noticias\/wp-json\/wp\/v2\/categories?post=151582"},{"taxonomy":"post_tag","embeddable":true,"href":"https:\/\/vinasfm.com\/noticias\/wp-json\/wp\/v2\/tags?post=151582"}],"curies":[{"name":"wp","href":"https:\/\/api.w.org\/{rel}","templated":true}]}}