{"id":151576,"date":"2025-08-05T20:36:49","date_gmt":"2025-08-05T23:36:49","guid":{"rendered":"https:\/\/vinasfm.com\/noticias\/?p=151576"},"modified":"2025-08-06T11:06:37","modified_gmt":"2025-08-06T14:06:37","slug":"tres-personas-incluyendo-un-menor-resultaron-heridas-tran-un-vuelco","status":"publish","type":"post","link":"https:\/\/vinasfm.com\/noticias\/tres-personas-incluyendo-un-menor-resultaron-heridas-tran-un-vuelco\/","title":{"rendered":"\u00a0TRES PERSONAS, INCLUYENDO UN MENOR, RESULTARON HERIDAS TRAS UN VUELCO"},"content":{"rendered":"<p><span style=\"color: #003300;\"><strong>Un grave accidente de tr\u00e1nsito tuvo lugar en la ma\u00f1ana del martes, en la Ruta Nacional 143, en el kil\u00f3metro 316, cuando un veh\u00edculo volc\u00f3 dejando a tres ocupantes heridos, entre ellos un ni\u00f1o de dos a\u00f1os. El suceso ocurri\u00f3 alrededor de las 10:40 de la ma\u00f1ana.<\/strong><\/span><\/p>\n<p>Seg\u00fan el reporte de la Comisar\u00eda 14\u00b0 de General Alvear, el veh\u00edculo circulaba de Norte a Sur cuando, por motivos que se investigan, mordi\u00f3 la banquina en una maniobra brusca, lo que caus\u00f3 el vuelco.<\/p>\n<p>Las v\u00edctimas fueron identificadas como <strong>C. E. (27), conductor del veh\u00edculo; A. A. (28), su pareja; y su hijo de dos a\u00f1os.<\/strong> Todos fueron r\u00e1pidamente trasladados al Hospital Enfermeros Argentinos.<\/p>\n<p><strong>El personal m\u00e9dico diagnostic\u00f3 a C. E. con politraumatismos, mientras que A. A. sufri\u00f3 politraumatismos leves. Ambos recibieron el alta despu\u00e9s de ser evaluados. El menor, por su parte, qued\u00f3 en observaci\u00f3n con un diagn\u00f3stico de politraumatismo.<\/strong><\/p>\n<p>En el lugar del accidente, trabajaron efectivos de la Polic\u00eda Cient\u00edfica y Vial para determinar las causas exactas del siniestro, siguiendo las directivas de la autoridad judicial.<\/p>\n","protected":false},"excerpt":{"rendered":"<p>Un grave accidente de tr\u00e1nsito tuvo lugar en la ma\u00f1ana del martes, en la Ruta Nacional 143, en el kil\u00f3metro 316, &#8230;<\/p>\n","protected":false},"author":7,"featured_media":151577,"comment_status":"open","ping_status":"open","sticky":false,"template":"","format":"standard","meta":{"footnotes":""},"categories":[4,184],"tags":[],"class_list":["post-151576","post","type-post","status-publish","format-standard","has-post-thumbnail","hentry","category-policiales","category-siniestro-vial"],"_links":{"self":[{"href":"https:\/\/vinasfm.com\/noticias\/wp-json\/wp\/v2\/posts\/151576","targetHints":{"allow":["GET"]}}],"collection":[{"href":"https:\/\/vinasfm.com\/noticias\/wp-json\/wp\/v2\/posts"}],"about":[{"href":"https:\/\/vinasfm.com\/noticias\/wp-json\/wp\/v2\/types\/post"}],"author":[{"embeddable":true,"href":"https:\/\/vinasfm.com\/noticias\/wp-json\/wp\/v2\/users\/7"}],"replies":[{"embeddable":true,"href":"https:\/\/vinasfm.com\/noticias\/wp-json\/wp\/v2\/comments?post=151576"}],"version-history":[{"count":3,"href":"https:\/\/vinasfm.com\/noticias\/wp-json\/wp\/v2\/posts\/151576\/revisions"}],"predecessor-version":[{"id":151608,"href":"https:\/\/vinasfm.com\/noticias\/wp-json\/wp\/v2\/posts\/151576\/revisions\/151608"}],"wp:featuredmedia":[{"embeddable":true,"href":"https:\/\/vinasfm.com\/noticias\/wp-json\/wp\/v2\/media\/151577"}],"wp:attachment":[{"href":"https:\/\/vinasfm.com\/noticias\/wp-json\/wp\/v2\/media?parent=151576"}],"wp:term":[{"taxonomy":"category","embeddable":true,"href":"https:\/\/vinasfm.com\/noticias\/wp-json\/wp\/v2\/categories?post=151576"},{"taxonomy":"post_tag","embeddable":true,"href":"https:\/\/vinasfm.com\/noticias\/wp-json\/wp\/v2\/tags?post=151576"}],"curies":[{"name":"wp","href":"https:\/\/api.w.org\/{rel}","templated":true}]}}