{"id":151574,"date":"2025-08-06T08:36:26","date_gmt":"2025-08-06T11:36:26","guid":{"rendered":"https:\/\/vinasfm.com\/noticias\/?p=151574"},"modified":"2025-08-06T09:43:56","modified_gmt":"2025-08-06T12:43:56","slug":"cecsagal-inauguro-un-moderno-centro-de-operaciones-en-su-74-aniversario","status":"publish","type":"post","link":"https:\/\/vinasfm.com\/noticias\/cecsagal-inauguro-un-moderno-centro-de-operaciones-en-su-74-aniversario\/","title":{"rendered":"CECSAGAL INAUGUR\u00d3 UN MODERNO CENTRO DE OPERACIONES EN SU 74\u00b0 ANIVERSARIO"},"content":{"rendered":"<h4><span style=\"color: #003300;\"><strong>En un emotivo acto celebrado en el marco de su 74\u00b0 aniversario, la Cooperativa El\u00e9ctrica CECSAGAL inaugur\u00f3 su flamante Centro de Operaciones y Centro de Control, una infraestructura de vanguardia que permitir\u00e1 monitorear en tiempo real toda la red el\u00e9ctrica y brindar una respuesta m\u00e1s \u00e1gil y eficiente ante emergencias y reclamos.<\/strong><\/span><\/h4>\n<p>El nuevo espacio, que incorpora la <strong>\u00faltima tecnolog\u00eda en distribuci\u00f3n el\u00e9ctrica<\/strong>, marca un hito en la historia de la cooperativa. As\u00ed lo expres\u00f3 su presidente, <span style=\"color: #003366;\"><strong>Gustavo Rubio<\/strong><\/span>, quien destac\u00f3 la importancia de este paso: <em><strong>\u201cEstamos muy satisfechos, felices y orgullosos. Estas instalaciones modernas y c\u00f3modas fueron pensadas tanto para nuestros trabajadores como para los asociados que nos visitan. Este nuevo centro concentra todas las \u00e1reas operativas, desde redes y transformadores hasta medidores y dep\u00f3sitos, lo que nos permite descongestionar la zona c\u00e9ntrica y brindar un servicio m\u00e1s eficiente\u201d.<\/strong><\/em><\/p>\n<p>Rubio tambi\u00e9n remarc\u00f3 el avance en <strong>medici\u00f3n inteligente<\/strong>, destacando que la zona de <strong>Carmenza ya cuenta con cobertura total<\/strong>, tanto urbana como rural, y que <strong>Radio de Padres<\/strong> supera el 70% de implementaci\u00f3n. <em><strong>\u201cLa idea es llegar el a\u00f1o que viene a cubrir todo el departamento de General Alvear\u201d<\/strong><\/em>, anticip\u00f3.<\/p>\n<p><a href=\"https:\/\/vinasfm.com\/noticias\/wp-content\/uploads\/2025\/08\/IMG-20250805-WA0128.jpg\"><img loading=\"lazy\" decoding=\"async\" class=\"alignnone wp-image-151583\" src=\"https:\/\/vinasfm.com\/noticias\/wp-content\/uploads\/2025\/08\/IMG-20250805-WA0128-1024x684.jpg\" alt=\"\" width=\"360\" height=\"240\" srcset=\"https:\/\/vinasfm.com\/noticias\/wp-content\/uploads\/2025\/08\/IMG-20250805-WA0128-1024x684.jpg 1024w, https:\/\/vinasfm.com\/noticias\/wp-content\/uploads\/2025\/08\/IMG-20250805-WA0128-300x200.jpg 300w, https:\/\/vinasfm.com\/noticias\/wp-content\/uploads\/2025\/08\/IMG-20250805-WA0128-768x513.jpg 768w, https:\/\/vinasfm.com\/noticias\/wp-content\/uploads\/2025\/08\/IMG-20250805-WA0128-1536x1025.jpg 1536w, https:\/\/vinasfm.com\/noticias\/wp-content\/uploads\/2025\/08\/IMG-20250805-WA0128.jpg 1600w\" sizes=\"auto, (max-width: 360px) 100vw, 360px\" \/><\/a> <a href=\"https:\/\/vinasfm.com\/noticias\/wp-content\/uploads\/2025\/08\/Imagen-de-WhatsApp-2025-08-05-a-las-17.35.12_616f8844.jpg\"><img loading=\"lazy\" decoding=\"async\" class=\"alignnone wp-image-151571\" src=\"https:\/\/vinasfm.com\/noticias\/wp-content\/uploads\/2025\/08\/Imagen-de-WhatsApp-2025-08-05-a-las-17.35.12_616f8844-1024x683.jpg\" alt=\"\" width=\"360\" height=\"240\" srcset=\"https:\/\/vinasfm.com\/noticias\/wp-content\/uploads\/2025\/08\/Imagen-de-WhatsApp-2025-08-05-a-las-17.35.12_616f8844-1024x683.jpg 1024w, https:\/\/vinasfm.com\/noticias\/wp-content\/uploads\/2025\/08\/Imagen-de-WhatsApp-2025-08-05-a-las-17.35.12_616f8844-300x200.jpg 300w, https:\/\/vinasfm.com\/noticias\/wp-content\/uploads\/2025\/08\/Imagen-de-WhatsApp-2025-08-05-a-las-17.35.12_616f8844-768x512.jpg 768w, https:\/\/vinasfm.com\/noticias\/wp-content\/uploads\/2025\/08\/Imagen-de-WhatsApp-2025-08-05-a-las-17.35.12_616f8844-1536x1024.jpg 1536w, https:\/\/vinasfm.com\/noticias\/wp-content\/uploads\/2025\/08\/Imagen-de-WhatsApp-2025-08-05-a-las-17.35.12_616f8844.jpg 1600w\" sizes=\"auto, (max-width: 360px) 100vw, 360px\" \/><\/a><\/p>\n<p>Por su parte, el intendente <span style=\"color: #003366;\"><strong>Alejandro Molero<\/strong><\/span>, quien particip\u00f3 del acto, celebr\u00f3 la iniciativa como un ejemplo de cooperaci\u00f3n entre instituciones y un gran paso hacia la mejora continua: <em><strong>\u201cEste centro tecnol\u00f3gico no s\u00f3lo optimiza el servicio, sino que simboliza la apuesta al futuro de la cooperativa. A pesar de una etapa compleja por la crisis econ\u00f3mica y los estragos de una feroz tormenta que afect\u00f3 las centrales del Nihuil, CECSAGAL y el municipio trabajamos codo a codo para garantizar la energ\u00eda en la regi\u00f3n\u201d.<\/strong><\/em><\/p>\n<p>Molero tambi\u00e9n anunci\u00f3 importantes avances.<strong><em> \u201cAntes de fin de a\u00f1o se llamar\u00e1 a<\/em> licitaci\u00f3n para la l\u00ednea el\u00e9ctrica de 132 kV, una obra de m\u00e1s de 32 mil millones de pesos que asegurar\u00e1 el abastecimiento y la proyecci\u00f3n energ\u00e9tica del sur mendocino, incluyendo a General Alvear y San Rafael\u201d<\/strong>, expuso el mandatario.<\/p>\n<p>Adem\u00e1s, el intendente anticip\u00f3 un pedido concreto a las autoridades del EPRE para <strong>modificar el plan de obra de CECSAGAL<\/strong> y as\u00ed extender la l\u00ednea el\u00e9ctrica por Avenida Alvear Oeste, lo que permitir\u00e1 dotar de servicio a la futura <strong>costanera del r\u00edo<\/strong>, una obra largamente esperada por la comunidad.<\/p>\n<p><a href=\"https:\/\/vinasfm.com\/noticias\/wp-content\/uploads\/2025\/08\/Imagen-de-WhatsApp-2025-08-05-a-las-17.35.20_f6da92f1.jpg\"><img loading=\"lazy\" decoding=\"async\" class=\"wp-image-151573 aligncenter\" src=\"https:\/\/vinasfm.com\/noticias\/wp-content\/uploads\/2025\/08\/Imagen-de-WhatsApp-2025-08-05-a-las-17.35.20_f6da92f1-1024x684.jpg\" alt=\"\" width=\"700\" height=\"467\" srcset=\"https:\/\/vinasfm.com\/noticias\/wp-content\/uploads\/2025\/08\/Imagen-de-WhatsApp-2025-08-05-a-las-17.35.20_f6da92f1-1024x684.jpg 1024w, https:\/\/vinasfm.com\/noticias\/wp-content\/uploads\/2025\/08\/Imagen-de-WhatsApp-2025-08-05-a-las-17.35.20_f6da92f1-300x200.jpg 300w, https:\/\/vinasfm.com\/noticias\/wp-content\/uploads\/2025\/08\/Imagen-de-WhatsApp-2025-08-05-a-las-17.35.20_f6da92f1-768x513.jpg 768w, https:\/\/vinasfm.com\/noticias\/wp-content\/uploads\/2025\/08\/Imagen-de-WhatsApp-2025-08-05-a-las-17.35.20_f6da92f1-1536x1025.jpg 1536w, https:\/\/vinasfm.com\/noticias\/wp-content\/uploads\/2025\/08\/Imagen-de-WhatsApp-2025-08-05-a-las-17.35.20_f6da92f1.jpg 1600w\" sizes=\"auto, (max-width: 700px) 100vw, 700px\" \/><\/a><\/p>\n<p>El evento cerr\u00f3 con palabras de reconocimiento a los trabajadores, directivos y pioneros del cooperativismo local, as\u00ed como un mensaje de esperanza para seguir construyendo un Alvear con energ\u00eda, innovaci\u00f3n y compromiso comunitario.<\/p>\n<p><strong><em>\u201cCuando dejamos de lado sectarismos y trabajamos por el bien com\u00fan, se logran resultados como este. Hoy, General Alvear tiene un<\/em> nuevo coraz\u00f3n operativo que late con fuerza para todo el sur mendocino\u201d<\/strong>, concluy\u00f3 Molero.<\/p>\n","protected":false},"excerpt":{"rendered":"<p>En un emotivo acto celebrado en el marco de su 74\u00b0 aniversario, la Cooperativa El\u00e9ctrica CECSAGAL inaugur\u00f3 su flamante Centro de &#8230;<\/p>\n","protected":false},"author":7,"featured_media":151570,"comment_status":"open","ping_status":"open","sticky":false,"template":"","format":"standard","meta":{"footnotes":""},"categories":[1],"tags":[],"class_list":["post-151574","post","type-post","status-publish","format-standard","has-post-thumbnail","hentry","category-fmvinas"],"_links":{"self":[{"href":"https:\/\/vinasfm.com\/noticias\/wp-json\/wp\/v2\/posts\/151574","targetHints":{"allow":["GET"]}}],"collection":[{"href":"https:\/\/vinasfm.com\/noticias\/wp-json\/wp\/v2\/posts"}],"about":[{"href":"https:\/\/vinasfm.com\/noticias\/wp-json\/wp\/v2\/types\/post"}],"author":[{"embeddable":true,"href":"https:\/\/vinasfm.com\/noticias\/wp-json\/wp\/v2\/users\/7"}],"replies":[{"embeddable":true,"href":"https:\/\/vinasfm.com\/noticias\/wp-json\/wp\/v2\/comments?post=151574"}],"version-history":[{"count":2,"href":"https:\/\/vinasfm.com\/noticias\/wp-json\/wp\/v2\/posts\/151574\/revisions"}],"predecessor-version":[{"id":151586,"href":"https:\/\/vinasfm.com\/noticias\/wp-json\/wp\/v2\/posts\/151574\/revisions\/151586"}],"wp:featuredmedia":[{"embeddable":true,"href":"https:\/\/vinasfm.com\/noticias\/wp-json\/wp\/v2\/media\/151570"}],"wp:attachment":[{"href":"https:\/\/vinasfm.com\/noticias\/wp-json\/wp\/v2\/media?parent=151574"}],"wp:term":[{"taxonomy":"category","embeddable":true,"href":"https:\/\/vinasfm.com\/noticias\/wp-json\/wp\/v2\/categories?post=151574"},{"taxonomy":"post_tag","embeddable":true,"href":"https:\/\/vinasfm.com\/noticias\/wp-json\/wp\/v2\/tags?post=151574"}],"curies":[{"name":"wp","href":"https:\/\/api.w.org\/{rel}","templated":true}]}}